{"id":4161,"date":"2025-04-08T14:43:16","date_gmt":"2025-04-08T14:43:16","guid":{"rendered":"https:\/\/www.laescueladelagua.com\/?p=4161"},"modified":"2025-04-08T14:43:16","modified_gmt":"2025-04-08T14:43:16","slug":"veolia-ha-reafirmado-su-compromiso-con-la-orientacion-profesional","status":"publish","type":"post","link":"https:\/\/www.laescueladelagua.com\/en\/veolia-ha-reafirmado-su-compromiso-con-la-orientacion-profesional\/","title":{"rendered":"Impulsamos la Orientaci\u00f3n Profesional para Enfrentar los Retos del Futuro"},"content":{"rendered":"<p><span style=\"font-weight: 400;\">En un esfuerzo por abordar los desaf\u00edos de la transici\u00f3n verde y el relevo generacional, Veolia ha reafirmado su compromiso con la orientaci\u00f3n profesional en el sector del agua.\u00a0<\/span><span style=\"font-weight: 400;\">El d\u00eda 1 de abril se llev\u00f3 a cabo el webinar \u201cRetos, futuro y vocaciones en el sector del agua\u201d, en donde m\u00e1s de 50\u00a0 profesionales del \u00e1rea de recursos humanos se reunieron para conocer las principales iniciativas en temas de orientaci\u00f3n profesional y ocupaciones verdes llevadas a cabo en la organizaci\u00f3n.\u00a0<\/span><\/p>\n<p><span style=\"font-weight: 400;\">Veolia entiende la orientaci\u00f3n profesional como un proceso clave para proporcionar los recursos y el asesoramiento necesario para una elecci\u00f3n de carrera informada, fomentando vocaciones, ampliando aspiraciones profesionales y facilitando experiencias en entornos laborales reales. Este enfoque no s\u00f3lo busca cubrir la brecha generacional en el sector, sino tambi\u00e9n romper estereotipos de g\u00e9nero y atraer talento joven y diverso.<\/span><\/p>\n<p><span style=\"font-weight: 400;\">La importancia de la orientaci\u00f3n profesional se subraya en el contexto de la creciente demanda de ocupaciones verdes y la necesidad de profesionales cualificados en el sector del agua. Seg\u00fan el <a href=\"https:\/\/www.observatoriofp.com\/informes-analisis\/anual\">informe<\/a> del Observatorio de la Formaci\u00f3n Profesional en Espa\u00f1a, el sector del suministro de agua tiene una alta ocupaci\u00f3n verde (71.9%), pero enfrenta un significativo reto de reemplazo generacional. Veolia reconoce este desaf\u00edo y est\u00e1 implementando un modelo de orientaci\u00f3n profesional que abarca desde la educaci\u00f3n primaria hasta la formaci\u00f3n profesional y universitaria, con el objetivo de despertar el inter\u00e9s por el sector del agua desde edades tempranas.<\/span><\/p>\n<p><span style=\"font-weight: 400;\">La Escuela del Agua subraya que la orientaci\u00f3n profesional es una responsabilidad compartida entre centros educativos y empresas. Estas \u00faltimas deben participar activamente ofreciendo experiencias reales, visitas a instalaciones, charlas con profesionales y presencia en ferias de empleo. Veolia, en particular, implementa iniciativas como \u00abEncuentros con profesionales\u00bb, \u00abVisitas a las empresas\u00bb, \u00abSoporte a equipos de orientaci\u00f3n\u00bb, \u00abCo-docencia\u00bb y el \u00abPrograma Vocaciones Agua\u00bb, buscando informar, inspirar y facilitar experiencias pr\u00e1cticas a los j\u00f3venes interesados.<\/span><\/p>\n<p><span style=\"font-weight: 400;\">En palabras de Marc Garcia, Director de Relaciones Laborales de Veolia Espa\u00f1a, \u00abPorque no se elige lo que no se conoce\u201d, una parte fundamental de la orientaci\u00f3n que impulsamos en Veolia es la difusi\u00f3n de nuestro sector y nuestra compa\u00f1\u00eda, buscando despertar inter\u00e9s en \u00e9l. La orientaci\u00f3n profesional forma parte del modelo integrado de cualificaci\u00f3n profesional que llevamos a\u00f1os desarrollando en Veolia Agua.<\/span><\/p>\n<p>&nbsp;<\/p>\n<p><span style=\"font-weight: 400;\">Para conocer m\u00e1s sobre algunas iniciativas de orientaci\u00f3n profesional de Veolia visita el apartado en la p\u00e1gina web <a href=\"https:\/\/www.laescueladelagua.com\/en\/orientacion-profesional\/\">AQUI<\/a>.<\/span><\/p>","protected":false},"excerpt":{"rendered":"<p>En un esfuerzo por abordar los desaf\u00edos de la transici\u00f3n verde y el relevo generacional, Veolia ha reafirmado su compromiso con la orientaci\u00f3n profesional en el sector del agua.\u00a0El d\u00eda 1 de abril se llev\u00f3 a cabo el webinar \u201cRetos, futuro y vocaciones en el sector del agua\u201d, en donde m\u00e1s de 50\u00a0 profesionales del [&hellip;]<\/p>","protected":false},"author":14,"featured_media":4162,"comment_status":"open","ping_status":"open","sticky":false,"template":"","format":"standard","meta":{"footnotes":""},"categories":[41],"tags":[],"class_list":["post-4161","post","type-post","status-publish","format-standard","has-post-thumbnail","hentry","category-empresas"],"yoast_head":"<!-- This site is optimized with the Yoast SEO plugin v24.5 - https:\/\/yoast.com\/wordpress\/plugins\/seo\/ -->\r\n<title>Impulsamos la Orientaci\u00f3n Profesional para Enfrentar los Retos del Futuro - Escuela del agua Veolia ha reafirmado su compromiso con la orientaci\u00f3n profesional<\/title>\r\n<meta name=\"description\" content=\"Veolia ha reafirmado su compromiso con la orientaci\u00f3n profesional y La orientaci\u00f3n profesional parte del modelo integrado de cualificaci\u00f3n profesional.\" \/>\r\n<meta name=\"robots\" content=\"index, follow, max-snippet:-1, max-image-preview:large, max-video-preview:-1\" \/>\r\n<link rel=\"canonical\" href=\"https:\/\/www.laescueladelagua.com\/en\/veolia-ha-reafirmado-su-compromiso-con-la-orientacion-profesional\/\" \/>\r\n<meta property=\"og:locale\" content=\"en_US\" \/>\r\n<meta property=\"og:type\" content=\"article\" \/>\r\n<meta property=\"og:title\" content=\"Impulsamos la Orientaci\u00f3n Profesional para Enfrentar los Retos del Futuro - Escuela del agua Veolia ha reafirmado su compromiso con la orientaci\u00f3n profesional\" \/>\r\n<meta property=\"og:description\" content=\"Veolia ha reafirmado su compromiso con la orientaci\u00f3n profesional y La orientaci\u00f3n profesional parte del modelo integrado de cualificaci\u00f3n profesional.\" \/>\r\n<meta property=\"og:url\" content=\"https:\/\/www.laescueladelagua.com\/en\/veolia-ha-reafirmado-su-compromiso-con-la-orientacion-profesional\/\" \/>\r\n<meta property=\"og:site_name\" content=\"Escuela del agua\" \/>\r\n<meta property=\"article:published_time\" content=\"2025-04-08T14:43:16+00:00\" \/>\r\n<meta property=\"og:image\" content=\"https:\/\/www.laescueladelagua.com\/wp-content\/uploads\/2025\/04\/invitacion_orientacion-profesional-1.jpg\" \/>\r\n\t<meta property=\"og:image:width\" content=\"960\" \/>\r\n\t<meta property=\"og:image:height\" content=\"540\" \/>\r\n\t<meta property=\"og:image:type\" content=\"image\/jpeg\" \/>\r\n<meta name=\"author\" content=\"william-jose.moreno\" \/>\r\n<meta name=\"twitter:card\" content=\"summary_large_image\" \/>\r\n<meta name=\"twitter:label1\" content=\"Written by\" \/>\n\t<meta name=\"twitter:data1\" content=\"william-jose.moreno\" \/>\n\t<meta name=\"twitter:label2\" content=\"Est. reading time\" \/>\n\t<meta name=\"twitter:data2\" content=\"3 minutes\" \/>\r\n<script type=\"application\/ld+json\" class=\"yoast-schema-graph\">{\"@context\":\"https:\/\/schema.org\",\"@graph\":[{\"@type\":\"Article\",\"@id\":\"https:\/\/www.laescueladelagua.com\/en\/veolia-ha-reafirmado-su-compromiso-con-la-orientacion-profesional\/#article\",\"isPartOf\":{\"@id\":\"https:\/\/www.laescueladelagua.com\/en\/veolia-ha-reafirmado-su-compromiso-con-la-orientacion-profesional\/\"},\"author\":{\"name\":\"william-jose.moreno\",\"@id\":\"https:\/\/www.laescueladelagua.com\/#\/schema\/person\/2ef62850d0c872a47ffe56f15c22323c\"},\"headline\":\"Impulsamos la Orientaci\u00f3n Profesional para Enfrentar los Retos del Futuro\",\"datePublished\":\"2025-04-08T14:43:16+00:00\",\"mainEntityOfPage\":{\"@id\":\"https:\/\/www.laescueladelagua.com\/en\/veolia-ha-reafirmado-su-compromiso-con-la-orientacion-profesional\/\"},\"wordCount\":440,\"commentCount\":0,\"publisher\":{\"@id\":\"https:\/\/www.laescueladelagua.com\/#organization\"},\"image\":{\"@id\":\"https:\/\/www.laescueladelagua.com\/en\/veolia-ha-reafirmado-su-compromiso-con-la-orientacion-profesional\/#primaryimage\"},\"thumbnailUrl\":\"\/wp-content\/uploads\/2025\/04\/invitacion_orientacion-profesional-1.jpg\",\"articleSection\":[\"Empresas\"],\"inLanguage\":\"en-US\",\"potentialAction\":[{\"@type\":\"CommentAction\",\"name\":\"Comment\",\"target\":[\"https:\/\/www.laescueladelagua.com\/en\/veolia-ha-reafirmado-su-compromiso-con-la-orientacion-profesional\/#respond\"]}]},{\"@type\":\"WebPage\",\"@id\":\"https:\/\/www.laescueladelagua.com\/en\/veolia-ha-reafirmado-su-compromiso-con-la-orientacion-profesional\/\",\"url\":\"https:\/\/www.laescueladelagua.com\/en\/veolia-ha-reafirmado-su-compromiso-con-la-orientacion-profesional\/\",\"name\":\"Impulsamos la Orientaci\u00f3n Profesional para Enfrentar los Retos del Futuro - Escuela del agua Veolia ha reafirmado su compromiso con la orientaci\u00f3n profesional\",\"isPartOf\":{\"@id\":\"https:\/\/www.laescueladelagua.com\/#website\"},\"primaryImageOfPage\":{\"@id\":\"https:\/\/www.laescueladelagua.com\/en\/veolia-ha-reafirmado-su-compromiso-con-la-orientacion-profesional\/#primaryimage\"},\"image\":{\"@id\":\"https:\/\/www.laescueladelagua.com\/en\/veolia-ha-reafirmado-su-compromiso-con-la-orientacion-profesional\/#primaryimage\"},\"thumbnailUrl\":\"\/wp-content\/uploads\/2025\/04\/invitacion_orientacion-profesional-1.jpg\",\"datePublished\":\"2025-04-08T14:43:16+00:00\",\"description\":\"Veolia ha reafirmado su compromiso con la orientaci\u00f3n profesional y La orientaci\u00f3n profesional parte del modelo integrado de cualificaci\u00f3n profesional.\",\"breadcrumb\":{\"@id\":\"https:\/\/www.laescueladelagua.com\/en\/veolia-ha-reafirmado-su-compromiso-con-la-orientacion-profesional\/#breadcrumb\"},\"inLanguage\":\"en-US\",\"potentialAction\":[{\"@type\":\"ReadAction\",\"target\":[\"https:\/\/www.laescueladelagua.com\/en\/veolia-ha-reafirmado-su-compromiso-con-la-orientacion-profesional\/\"]}]},{\"@type\":\"ImageObject\",\"inLanguage\":\"en-US\",\"@id\":\"https:\/\/www.laescueladelagua.com\/en\/veolia-ha-reafirmado-su-compromiso-con-la-orientacion-profesional\/#primaryimage\",\"url\":\"\/wp-content\/uploads\/2025\/04\/invitacion_orientacion-profesional-1.jpg\",\"contentUrl\":\"\/wp-content\/uploads\/2025\/04\/invitacion_orientacion-profesional-1.jpg\",\"width\":960,\"height\":540},{\"@type\":\"BreadcrumbList\",\"@id\":\"https:\/\/www.laescueladelagua.com\/en\/veolia-ha-reafirmado-su-compromiso-con-la-orientacion-profesional\/#breadcrumb\",\"itemListElement\":[{\"@type\":\"ListItem\",\"position\":1,\"name\":\"Home\",\"item\":\"https:\/\/www.laescueladelagua.com\/\"},{\"@type\":\"ListItem\",\"position\":2,\"name\":\"Impulsamos la Orientaci\u00f3n Profesional para Enfrentar los Retos del Futuro\"}]},{\"@type\":\"WebSite\",\"@id\":\"https:\/\/www.laescueladelagua.com\/#website\",\"url\":\"https:\/\/www.laescueladelagua.com\/\",\"name\":\"Escuela del agua\",\"description\":\"\",\"publisher\":{\"@id\":\"https:\/\/www.laescueladelagua.com\/#organization\"},\"potentialAction\":[{\"@type\":\"SearchAction\",\"target\":{\"@type\":\"EntryPoint\",\"urlTemplate\":\"https:\/\/www.laescueladelagua.com\/?s={search_term_string}\"},\"query-input\":{\"@type\":\"PropertyValueSpecification\",\"valueRequired\":true,\"valueName\":\"search_term_string\"}}],\"inLanguage\":\"en-US\"},{\"@type\":\"Organization\",\"@id\":\"https:\/\/www.laescueladelagua.com\/#organization\",\"name\":\"Escuela del agua\",\"url\":\"https:\/\/www.laescueladelagua.com\/\",\"logo\":{\"@type\":\"ImageObject\",\"inLanguage\":\"en-US\",\"@id\":\"https:\/\/www.laescueladelagua.com\/#\/schema\/logo\/image\/\",\"url\":\"\/wp-content\/uploads\/2023\/08\/logo_EscueladelAgua_mod.1.1_150px.png\",\"contentUrl\":\"\/wp-content\/uploads\/2023\/08\/logo_EscueladelAgua_mod.1.1_150px.png\",\"width\":150,\"height\":90,\"caption\":\"Escuela del agua\"},\"image\":{\"@id\":\"https:\/\/www.laescueladelagua.com\/#\/schema\/logo\/image\/\"}},{\"@type\":\"Person\",\"@id\":\"https:\/\/www.laescueladelagua.com\/#\/schema\/person\/2ef62850d0c872a47ffe56f15c22323c\",\"name\":\"william-jose.moreno\",\"image\":{\"@type\":\"ImageObject\",\"inLanguage\":\"en-US\",\"@id\":\"https:\/\/www.laescueladelagua.com\/#\/schema\/person\/image\/\",\"url\":\"https:\/\/secure.gravatar.com\/avatar\/f4016a09806c3bffd47afd9693b0eb27?s=96&d=mm&r=g\",\"contentUrl\":\"https:\/\/secure.gravatar.com\/avatar\/f4016a09806c3bffd47afd9693b0eb27?s=96&d=mm&r=g\",\"caption\":\"william-jose.moreno\"},\"url\":\"https:\/\/www.laescueladelagua.com\/en\/author\/william-jose-moreno\/\"}]}<\/script>\r\n<!-- \/ Yoast SEO plugin. -->","yoast_head_json":{"title":"Impulsamos la Orientaci\u00f3n Profesional para Enfrentar los Retos del Futuro - Escuela del agua Veolia ha reafirmado su compromiso con la orientaci\u00f3n profesional","description":"Veolia ha reafirmado su compromiso con la orientaci\u00f3n profesional y La orientaci\u00f3n profesional parte del modelo integrado de cualificaci\u00f3n profesional.","robots":{"index":"index","follow":"follow","max-snippet":"max-snippet:-1","max-image-preview":"max-image-preview:large","max-video-preview":"max-video-preview:-1"},"canonical":"https:\/\/www.laescueladelagua.com\/en\/veolia-ha-reafirmado-su-compromiso-con-la-orientacion-profesional\/","og_locale":"en_US","og_type":"article","og_title":"Impulsamos la Orientaci\u00f3n Profesional para Enfrentar los Retos del Futuro - Escuela del agua Veolia ha reafirmado su compromiso con la orientaci\u00f3n profesional","og_description":"Veolia ha reafirmado su compromiso con la orientaci\u00f3n profesional y La orientaci\u00f3n profesional parte del modelo integrado de cualificaci\u00f3n profesional.","og_url":"https:\/\/www.laescueladelagua.com\/en\/veolia-ha-reafirmado-su-compromiso-con-la-orientacion-profesional\/","og_site_name":"Escuela del agua","article_published_time":"2025-04-08T14:43:16+00:00","og_image":[{"width":960,"height":540,"url":"https:\/\/www.laescueladelagua.com\/wp-content\/uploads\/2025\/04\/invitacion_orientacion-profesional-1.jpg","type":"image\/jpeg"}],"author":"william-jose.moreno","twitter_card":"summary_large_image","twitter_misc":{"Written by":"william-jose.moreno","Est. reading time":"3 minutes"},"schema":{"@context":"https:\/\/schema.org","@graph":[{"@type":"Article","@id":"https:\/\/www.laescueladelagua.com\/en\/veolia-ha-reafirmado-su-compromiso-con-la-orientacion-profesional\/#article","isPartOf":{"@id":"https:\/\/www.laescueladelagua.com\/en\/veolia-ha-reafirmado-su-compromiso-con-la-orientacion-profesional\/"},"author":{"name":"william-jose.moreno","@id":"https:\/\/www.laescueladelagua.com\/#\/schema\/person\/2ef62850d0c872a47ffe56f15c22323c"},"headline":"Impulsamos la Orientaci\u00f3n Profesional para Enfrentar los Retos del Futuro","datePublished":"2025-04-08T14:43:16+00:00","mainEntityOfPage":{"@id":"https:\/\/www.laescueladelagua.com\/en\/veolia-ha-reafirmado-su-compromiso-con-la-orientacion-profesional\/"},"wordCount":440,"commentCount":0,"publisher":{"@id":"https:\/\/www.laescueladelagua.com\/#organization"},"image":{"@id":"https:\/\/www.laescueladelagua.com\/en\/veolia-ha-reafirmado-su-compromiso-con-la-orientacion-profesional\/#primaryimage"},"thumbnailUrl":"\/wp-content\/uploads\/2025\/04\/invitacion_orientacion-profesional-1.jpg","articleSection":["Empresas"],"inLanguage":"en-US","potentialAction":[{"@type":"CommentAction","name":"Comment","target":["https:\/\/www.laescueladelagua.com\/en\/veolia-ha-reafirmado-su-compromiso-con-la-orientacion-profesional\/#respond"]}]},{"@type":"WebPage","@id":"https:\/\/www.laescueladelagua.com\/en\/veolia-ha-reafirmado-su-compromiso-con-la-orientacion-profesional\/","url":"https:\/\/www.laescueladelagua.com\/en\/veolia-ha-reafirmado-su-compromiso-con-la-orientacion-profesional\/","name":"Impulsamos la Orientaci\u00f3n Profesional para Enfrentar los Retos del Futuro - Escuela del agua Veolia ha reafirmado su compromiso con la orientaci\u00f3n profesional","isPartOf":{"@id":"https:\/\/www.laescueladelagua.com\/#website"},"primaryImageOfPage":{"@id":"https:\/\/www.laescueladelagua.com\/en\/veolia-ha-reafirmado-su-compromiso-con-la-orientacion-profesional\/#primaryimage"},"image":{"@id":"https:\/\/www.laescueladelagua.com\/en\/veolia-ha-reafirmado-su-compromiso-con-la-orientacion-profesional\/#primaryimage"},"thumbnailUrl":"\/wp-content\/uploads\/2025\/04\/invitacion_orientacion-profesional-1.jpg","datePublished":"2025-04-08T14:43:16+00:00","description":"Veolia ha reafirmado su compromiso con la orientaci\u00f3n profesional y La orientaci\u00f3n profesional parte del modelo integrado de cualificaci\u00f3n profesional.","breadcrumb":{"@id":"https:\/\/www.laescueladelagua.com\/en\/veolia-ha-reafirmado-su-compromiso-con-la-orientacion-profesional\/#breadcrumb"},"inLanguage":"en-US","potentialAction":[{"@type":"ReadAction","target":["https:\/\/www.laescueladelagua.com\/en\/veolia-ha-reafirmado-su-compromiso-con-la-orientacion-profesional\/"]}]},{"@type":"ImageObject","inLanguage":"en-US","@id":"https:\/\/www.laescueladelagua.com\/en\/veolia-ha-reafirmado-su-compromiso-con-la-orientacion-profesional\/#primaryimage","url":"\/wp-content\/uploads\/2025\/04\/invitacion_orientacion-profesional-1.jpg","contentUrl":"\/wp-content\/uploads\/2025\/04\/invitacion_orientacion-profesional-1.jpg","width":960,"height":540},{"@type":"BreadcrumbList","@id":"https:\/\/www.laescueladelagua.com\/en\/veolia-ha-reafirmado-su-compromiso-con-la-orientacion-profesional\/#breadcrumb","itemListElement":[{"@type":"ListItem","position":1,"name":"Home","item":"https:\/\/www.laescueladelagua.com\/"},{"@type":"ListItem","position":2,"name":"Impulsamos la Orientaci\u00f3n Profesional para Enfrentar los Retos del Futuro"}]},{"@type":"WebSite","@id":"https:\/\/www.laescueladelagua.com\/#website","url":"https:\/\/www.laescueladelagua.com\/","name":"Escuela del agua","description":"","publisher":{"@id":"https:\/\/www.laescueladelagua.com\/#organization"},"potentialAction":[{"@type":"SearchAction","target":{"@type":"EntryPoint","urlTemplate":"https:\/\/www.laescueladelagua.com\/?s={search_term_string}"},"query-input":{"@type":"PropertyValueSpecification","valueRequired":true,"valueName":"search_term_string"}}],"inLanguage":"en-US"},{"@type":"Organization","@id":"https:\/\/www.laescueladelagua.com\/#organization","name":"Escuela del agua","url":"https:\/\/www.laescueladelagua.com\/","logo":{"@type":"ImageObject","inLanguage":"en-US","@id":"https:\/\/www.laescueladelagua.com\/#\/schema\/logo\/image\/","url":"\/wp-content\/uploads\/2023\/08\/logo_EscueladelAgua_mod.1.1_150px.png","contentUrl":"\/wp-content\/uploads\/2023\/08\/logo_EscueladelAgua_mod.1.1_150px.png","width":150,"height":90,"caption":"Escuela del agua"},"image":{"@id":"https:\/\/www.laescueladelagua.com\/#\/schema\/logo\/image\/"}},{"@type":"Person","@id":"https:\/\/www.laescueladelagua.com\/#\/schema\/person\/2ef62850d0c872a47ffe56f15c22323c","name":"william-jose.moreno","image":{"@type":"ImageObject","inLanguage":"en-US","@id":"https:\/\/www.laescueladelagua.com\/#\/schema\/person\/image\/","url":"https:\/\/secure.gravatar.com\/avatar\/f4016a09806c3bffd47afd9693b0eb27?s=96&d=mm&r=g","contentUrl":"https:\/\/secure.gravatar.com\/avatar\/f4016a09806c3bffd47afd9693b0eb27?s=96&d=mm&r=g","caption":"william-jose.moreno"},"url":"https:\/\/www.laescueladelagua.com\/en\/author\/william-jose-moreno\/"}]}},"meta_box":[],"_links":{"self":[{"href":"https:\/\/www.laescueladelagua.com\/en\/wp-json\/wp\/v2\/posts\/4161","targetHints":{"allow":["GET"]}}],"collection":[{"href":"https:\/\/www.laescueladelagua.com\/en\/wp-json\/wp\/v2\/posts"}],"about":[{"href":"https:\/\/www.laescueladelagua.com\/en\/wp-json\/wp\/v2\/types\/post"}],"author":[{"embeddable":true,"href":"https:\/\/www.laescueladelagua.com\/en\/wp-json\/wp\/v2\/users\/14"}],"replies":[{"embeddable":true,"href":"https:\/\/www.laescueladelagua.com\/en\/wp-json\/wp\/v2\/comments?post=4161"}],"version-history":[{"count":1,"href":"https:\/\/www.laescueladelagua.com\/en\/wp-json\/wp\/v2\/posts\/4161\/revisions"}],"predecessor-version":[{"id":4163,"href":"https:\/\/www.laescueladelagua.com\/en\/wp-json\/wp\/v2\/posts\/4161\/revisions\/4163"}],"wp:featuredmedia":[{"embeddable":true,"href":"https:\/\/www.laescueladelagua.com\/en\/wp-json\/wp\/v2\/media\/4162"}],"wp:attachment":[{"href":"https:\/\/www.laescueladelagua.com\/en\/wp-json\/wp\/v2\/media?parent=4161"}],"wp:term":[{"taxonomy":"category","embeddable":true,"href":"https:\/\/www.laescueladelagua.com\/en\/wp-json\/wp\/v2\/categories?post=4161"},{"taxonomy":"post_tag","embeddable":true,"href":"https:\/\/www.laescueladelagua.com\/en\/wp-json\/wp\/v2\/tags?post=4161"}],"curies":[{"name":"wp","href":"https:\/\/api.w.org\/{rel}","templated":true}]}}