{"id":4232,"date":"2025-05-21T20:59:08","date_gmt":"2025-05-21T20:59:08","guid":{"rendered":"https:\/\/www.laescueladelagua.com\/?p=4232"},"modified":"2025-05-21T20:59:08","modified_gmt":"2025-05-21T20:59:08","slug":"la-escuela-del-agua-culmina-con-exito-la-6a-edicion-del-curso-de-especializacion-en-ecofactorias","status":"publish","type":"post","link":"https:\/\/www.laescueladelagua.com\/en\/la-escuela-del-agua-culmina-con-exito-la-6a-edicion-del-curso-de-especializacion-en-ecofactorias\/","title":{"rendered":"La Escuela del Agua culmina con \u00e9xito la 6\u00aa edici\u00f3n del Curso de Especializaci\u00f3n en Ecofactor\u00edas"},"content":{"rendered":"<p><span style=\"font-weight: 400;\">Catorce profesionales de Veolia Espa\u00f1a han completado con \u00e9xito la sexta edici\u00f3n del Curso de Especializaci\u00f3n en Ecofactor\u00edas, consolidando as\u00ed este programa formativo como referente en la transformaci\u00f3n de las plantas de tratamiento de aguas residuales hacia instalaciones m\u00e1s sostenibles y eficientes.<\/span><\/p>\n<p><span style=\"font-weight: 400;\">El curso, que combina formaci\u00f3n online con sesiones presenciales, ha permitido a los participantes -responsables de operaci\u00f3n y t\u00e9cnicos de planta- profundizar en los conceptos y tecnolog\u00edas m\u00e1s innovadoras para la conversi\u00f3n de depuradoras convencionales en ecofactor\u00edas. Esta transformaci\u00f3n busca optimizar el consumo energ\u00e9tico y maximizar la valorizaci\u00f3n de los recursos presentes en las aguas residuales.<\/span><\/p>\n<p><span style=\"font-weight: 400;\">Durante las 150 horas de formaci\u00f3n, los alumnos han trabajado en aspectos clave como la optimizaci\u00f3n energ\u00e9tica, la producci\u00f3n de energ\u00eda renovable, la recuperaci\u00f3n de nutrientes y la reutilizaci\u00f3n del agua. El programa ha puesto especial \u00e9nfasis en las \u00faltimas tecnolog\u00edas disponibles para la digesti\u00f3n anaerobia, el tratamiento de fangos y la valorizaci\u00f3n de subproductos.<\/span><\/p>\n<p><span style=\"font-weight: 400;\">Uno de los aspectos m\u00e1s valorados por los participantes ha sido el enfoque pr\u00e1ctico del curso, que incluye casos reales y visitas t\u00e9cnicas a instalaciones de referencia. Esto ha permitido a los alumnos conocer de primera mano ejemplos exitosos de transformaci\u00f3n hacia el modelo de ecofactor\u00eda y comprender mejor los retos y oportunidades que presenta este nuevo paradigma.<\/span><\/p>\n<p><span style=\"font-weight: 400;\">&#8216;La formaci\u00f3n especializada es fundamental para impulsar la transici\u00f3n hacia modelos m\u00e1s sostenibles en el tratamiento de aguas residuales&#8217;, destaca el director acad\u00e9mico del programa. &#8216;Nuestros alumnos no solo adquieren conocimientos t\u00e9cnicos, sino que desarrollan una visi\u00f3n integral que les permite liderar la transformaci\u00f3n de sus instalaciones hacia verdaderas ecofactor\u00edas&#8217;.<\/span><\/p>\n<p><span style=\"font-weight: 400;\">Esta sexta edici\u00f3n refuerza el compromiso de La Escuela del Agua con la formaci\u00f3n de profesionales capaces de impulsar la econom\u00eda circular en el sector del agua. Los 14 nuevos especialistas se suman a la red de profesionales que ya est\u00e1n aplicando estos conocimientos en diferentes instalaciones de Veolia Espa\u00f1a, contribuyendo as\u00ed a la sostenibilidad del ciclo urbano del agua.<\/span><\/p>\n<p><span style=\"font-weight: 400;\">El \u00e9xito de esta edici\u00f3n confirma la pertinencia del programa y su alineaci\u00f3n con las necesidades actuales del sector, donde la transformaci\u00f3n de las plantas de tratamiento en ecofactor\u00edas se ha convertido en una prioridad estrat\u00e9gica para avanzar hacia un modelo m\u00e1s sostenible y circular en la gesti\u00f3n del agua.<\/span><\/p>","protected":false},"excerpt":{"rendered":"<p>Catorce profesionales de Veolia Espa\u00f1a han completado con \u00e9xito la sexta edici\u00f3n del Curso de Especializaci\u00f3n en Ecofactor\u00edas, consolidando as\u00ed este programa formativo como referente en la transformaci\u00f3n de las plantas de tratamiento de aguas residuales hacia instalaciones m\u00e1s sostenibles y eficientes. El curso, que combina formaci\u00f3n online con sesiones presenciales, ha permitido a los [&hellip;]<\/p>","protected":false},"author":14,"featured_media":4233,"comment_status":"open","ping_status":"open","sticky":false,"template":"","format":"standard","meta":{"footnotes":""},"categories":[45],"tags":[],"class_list":["post-4232","post","type-post","status-publish","format-standard","has-post-thumbnail","hentry","category-programas"],"yoast_head":"<!-- This site is optimized with the Yoast SEO plugin v24.5 - https:\/\/yoast.com\/wordpress\/plugins\/seo\/ -->\r\n<title>La Escuela del Agua culmina con \u00e9xito la 6\u00aa edici\u00f3n del Curso de Especializaci\u00f3n en Ecofactor\u00edas - Escuela del agua<\/title>\r\n<meta name=\"description\" content=\"Catorce profesionales de Veolia Espa\u00f1a han completado con \u00e9xito la sexta edici\u00f3n del Curso de Especializaci\u00f3n en Ecofactor\u00edas\" \/>\r\n<meta name=\"robots\" content=\"index, follow, max-snippet:-1, max-image-preview:large, max-video-preview:-1\" \/>\r\n<link rel=\"canonical\" href=\"https:\/\/www.laescueladelagua.com\/en\/la-escuela-del-agua-culmina-con-exito-la-6a-edicion-del-curso-de-especializacion-en-ecofactorias\/\" \/>\r\n<meta property=\"og:locale\" content=\"en_US\" \/>\r\n<meta property=\"og:type\" content=\"article\" \/>\r\n<meta property=\"og:title\" content=\"La Escuela del Agua culmina con \u00e9xito la 6\u00aa edici\u00f3n del Curso de Especializaci\u00f3n en Ecofactor\u00edas - Escuela del agua\" \/>\r\n<meta property=\"og:description\" content=\"Catorce profesionales de Veolia Espa\u00f1a han completado con \u00e9xito la sexta edici\u00f3n del Curso de Especializaci\u00f3n en Ecofactor\u00edas\" \/>\r\n<meta property=\"og:url\" content=\"https:\/\/www.laescueladelagua.com\/en\/la-escuela-del-agua-culmina-con-exito-la-6a-edicion-del-curso-de-especializacion-en-ecofactorias\/\" \/>\r\n<meta property=\"og:site_name\" content=\"Escuela del agua\" \/>\r\n<meta property=\"article:published_time\" content=\"2025-05-21T20:59:08+00:00\" \/>\r\n<meta property=\"og:image\" content=\"https:\/\/www.laescueladelagua.com\/wp-content\/uploads\/2025\/05\/20250424_112702-scaled.jpg\" \/>\r\n\t<meta property=\"og:image:width\" content=\"2560\" \/>\r\n\t<meta property=\"og:image:height\" content=\"1920\" \/>\r\n\t<meta property=\"og:image:type\" content=\"image\/jpeg\" \/>\r\n<meta name=\"author\" content=\"william-jose.moreno\" \/>\r\n<meta name=\"twitter:card\" content=\"summary_large_image\" \/>\r\n<meta name=\"twitter:label1\" content=\"Written by\" \/>\n\t<meta name=\"twitter:data1\" content=\"william-jose.moreno\" \/>\n\t<meta name=\"twitter:label2\" content=\"Est. reading time\" \/>\n\t<meta name=\"twitter:data2\" content=\"2 minutes\" \/>\r\n<script type=\"application\/ld+json\" class=\"yoast-schema-graph\">{\"@context\":\"https:\/\/schema.org\",\"@graph\":[{\"@type\":\"Article\",\"@id\":\"https:\/\/www.laescueladelagua.com\/en\/la-escuela-del-agua-culmina-con-exito-la-6a-edicion-del-curso-de-especializacion-en-ecofactorias\/#article\",\"isPartOf\":{\"@id\":\"https:\/\/www.laescueladelagua.com\/en\/la-escuela-del-agua-culmina-con-exito-la-6a-edicion-del-curso-de-especializacion-en-ecofactorias\/\"},\"author\":{\"name\":\"william-jose.moreno\",\"@id\":\"https:\/\/www.laescueladelagua.com\/#\/schema\/person\/2ef62850d0c872a47ffe56f15c22323c\"},\"headline\":\"La Escuela del Agua culmina con \u00e9xito la 6\u00aa edici\u00f3n del Curso de Especializaci\u00f3n en Ecofactor\u00edas\",\"datePublished\":\"2025-05-21T20:59:08+00:00\",\"mainEntityOfPage\":{\"@id\":\"https:\/\/www.laescueladelagua.com\/en\/la-escuela-del-agua-culmina-con-exito-la-6a-edicion-del-curso-de-especializacion-en-ecofactorias\/\"},\"wordCount\":438,\"commentCount\":0,\"publisher\":{\"@id\":\"https:\/\/www.laescueladelagua.com\/#organization\"},\"image\":{\"@id\":\"https:\/\/www.laescueladelagua.com\/en\/la-escuela-del-agua-culmina-con-exito-la-6a-edicion-del-curso-de-especializacion-en-ecofactorias\/#primaryimage\"},\"thumbnailUrl\":\"\/wp-content\/uploads\/2025\/05\/20250424_112702-scaled.jpg\",\"articleSection\":[\"Programas\"],\"inLanguage\":\"en-US\",\"potentialAction\":[{\"@type\":\"CommentAction\",\"name\":\"Comment\",\"target\":[\"https:\/\/www.laescueladelagua.com\/en\/la-escuela-del-agua-culmina-con-exito-la-6a-edicion-del-curso-de-especializacion-en-ecofactorias\/#respond\"]}]},{\"@type\":\"WebPage\",\"@id\":\"https:\/\/www.laescueladelagua.com\/en\/la-escuela-del-agua-culmina-con-exito-la-6a-edicion-del-curso-de-especializacion-en-ecofactorias\/\",\"url\":\"https:\/\/www.laescueladelagua.com\/en\/la-escuela-del-agua-culmina-con-exito-la-6a-edicion-del-curso-de-especializacion-en-ecofactorias\/\",\"name\":\"La Escuela del Agua culmina con \u00e9xito la 6\u00aa edici\u00f3n del Curso de Especializaci\u00f3n en Ecofactor\u00edas - Escuela del agua\",\"isPartOf\":{\"@id\":\"https:\/\/www.laescueladelagua.com\/#website\"},\"primaryImageOfPage\":{\"@id\":\"https:\/\/www.laescueladelagua.com\/en\/la-escuela-del-agua-culmina-con-exito-la-6a-edicion-del-curso-de-especializacion-en-ecofactorias\/#primaryimage\"},\"image\":{\"@id\":\"https:\/\/www.laescueladelagua.com\/en\/la-escuela-del-agua-culmina-con-exito-la-6a-edicion-del-curso-de-especializacion-en-ecofactorias\/#primaryimage\"},\"thumbnailUrl\":\"\/wp-content\/uploads\/2025\/05\/20250424_112702-scaled.jpg\",\"datePublished\":\"2025-05-21T20:59:08+00:00\",\"description\":\"Catorce profesionales de Veolia Espa\u00f1a han completado con \u00e9xito la sexta edici\u00f3n del Curso de Especializaci\u00f3n en Ecofactor\u00edas\",\"breadcrumb\":{\"@id\":\"https:\/\/www.laescueladelagua.com\/en\/la-escuela-del-agua-culmina-con-exito-la-6a-edicion-del-curso-de-especializacion-en-ecofactorias\/#breadcrumb\"},\"inLanguage\":\"en-US\",\"potentialAction\":[{\"@type\":\"ReadAction\",\"target\":[\"https:\/\/www.laescueladelagua.com\/en\/la-escuela-del-agua-culmina-con-exito-la-6a-edicion-del-curso-de-especializacion-en-ecofactorias\/\"]}]},{\"@type\":\"ImageObject\",\"inLanguage\":\"en-US\",\"@id\":\"https:\/\/www.laescueladelagua.com\/en\/la-escuela-del-agua-culmina-con-exito-la-6a-edicion-del-curso-de-especializacion-en-ecofactorias\/#primaryimage\",\"url\":\"\/wp-content\/uploads\/2025\/05\/20250424_112702-scaled.jpg\",\"contentUrl\":\"\/wp-content\/uploads\/2025\/05\/20250424_112702-scaled.jpg\",\"width\":2560,\"height\":1920},{\"@type\":\"BreadcrumbList\",\"@id\":\"https:\/\/www.laescueladelagua.com\/en\/la-escuela-del-agua-culmina-con-exito-la-6a-edicion-del-curso-de-especializacion-en-ecofactorias\/#breadcrumb\",\"itemListElement\":[{\"@type\":\"ListItem\",\"position\":1,\"name\":\"Home\",\"item\":\"https:\/\/www.laescueladelagua.com\/\"},{\"@type\":\"ListItem\",\"position\":2,\"name\":\"La Escuela del Agua culmina con \u00e9xito la 6\u00aa edici\u00f3n del Curso de Especializaci\u00f3n en Ecofactor\u00edas\"}]},{\"@type\":\"WebSite\",\"@id\":\"https:\/\/www.laescueladelagua.com\/#website\",\"url\":\"https:\/\/www.laescueladelagua.com\/\",\"name\":\"Escuela del agua\",\"description\":\"\",\"publisher\":{\"@id\":\"https:\/\/www.laescueladelagua.com\/#organization\"},\"potentialAction\":[{\"@type\":\"SearchAction\",\"target\":{\"@type\":\"EntryPoint\",\"urlTemplate\":\"https:\/\/www.laescueladelagua.com\/?s={search_term_string}\"},\"query-input\":{\"@type\":\"PropertyValueSpecification\",\"valueRequired\":true,\"valueName\":\"search_term_string\"}}],\"inLanguage\":\"en-US\"},{\"@type\":\"Organization\",\"@id\":\"https:\/\/www.laescueladelagua.com\/#organization\",\"name\":\"Escuela del agua\",\"url\":\"https:\/\/www.laescueladelagua.com\/\",\"logo\":{\"@type\":\"ImageObject\",\"inLanguage\":\"en-US\",\"@id\":\"https:\/\/www.laescueladelagua.com\/#\/schema\/logo\/image\/\",\"url\":\"\/wp-content\/uploads\/2023\/08\/logo_EscueladelAgua_mod.1.1_150px.png\",\"contentUrl\":\"\/wp-content\/uploads\/2023\/08\/logo_EscueladelAgua_mod.1.1_150px.png\",\"width\":150,\"height\":90,\"caption\":\"Escuela del agua\"},\"image\":{\"@id\":\"https:\/\/www.laescueladelagua.com\/#\/schema\/logo\/image\/\"}},{\"@type\":\"Person\",\"@id\":\"https:\/\/www.laescueladelagua.com\/#\/schema\/person\/2ef62850d0c872a47ffe56f15c22323c\",\"name\":\"william-jose.moreno\",\"image\":{\"@type\":\"ImageObject\",\"inLanguage\":\"en-US\",\"@id\":\"https:\/\/www.laescueladelagua.com\/#\/schema\/person\/image\/\",\"url\":\"https:\/\/secure.gravatar.com\/avatar\/f4016a09806c3bffd47afd9693b0eb27?s=96&d=mm&r=g\",\"contentUrl\":\"https:\/\/secure.gravatar.com\/avatar\/f4016a09806c3bffd47afd9693b0eb27?s=96&d=mm&r=g\",\"caption\":\"william-jose.moreno\"},\"url\":\"https:\/\/www.laescueladelagua.com\/en\/author\/william-jose-moreno\/\"}]}<\/script>\r\n<!-- \/ Yoast SEO plugin. -->","yoast_head_json":{"title":"La Escuela del Agua culmina con \u00e9xito la 6\u00aa edici\u00f3n del Curso de Especializaci\u00f3n en Ecofactor\u00edas - Escuela del agua","description":"Catorce profesionales de Veolia Espa\u00f1a han completado con \u00e9xito la sexta edici\u00f3n del Curso de Especializaci\u00f3n en Ecofactor\u00edas","robots":{"index":"index","follow":"follow","max-snippet":"max-snippet:-1","max-image-preview":"max-image-preview:large","max-video-preview":"max-video-preview:-1"},"canonical":"https:\/\/www.laescueladelagua.com\/en\/la-escuela-del-agua-culmina-con-exito-la-6a-edicion-del-curso-de-especializacion-en-ecofactorias\/","og_locale":"en_US","og_type":"article","og_title":"La Escuela del Agua culmina con \u00e9xito la 6\u00aa edici\u00f3n del Curso de Especializaci\u00f3n en Ecofactor\u00edas - Escuela del agua","og_description":"Catorce profesionales de Veolia Espa\u00f1a han completado con \u00e9xito la sexta edici\u00f3n del Curso de Especializaci\u00f3n en Ecofactor\u00edas","og_url":"https:\/\/www.laescueladelagua.com\/en\/la-escuela-del-agua-culmina-con-exito-la-6a-edicion-del-curso-de-especializacion-en-ecofactorias\/","og_site_name":"Escuela del agua","article_published_time":"2025-05-21T20:59:08+00:00","og_image":[{"width":2560,"height":1920,"url":"https:\/\/www.laescueladelagua.com\/wp-content\/uploads\/2025\/05\/20250424_112702-scaled.jpg","type":"image\/jpeg"}],"author":"william-jose.moreno","twitter_card":"summary_large_image","twitter_misc":{"Written by":"william-jose.moreno","Est. reading time":"2 minutes"},"schema":{"@context":"https:\/\/schema.org","@graph":[{"@type":"Article","@id":"https:\/\/www.laescueladelagua.com\/en\/la-escuela-del-agua-culmina-con-exito-la-6a-edicion-del-curso-de-especializacion-en-ecofactorias\/#article","isPartOf":{"@id":"https:\/\/www.laescueladelagua.com\/en\/la-escuela-del-agua-culmina-con-exito-la-6a-edicion-del-curso-de-especializacion-en-ecofactorias\/"},"author":{"name":"william-jose.moreno","@id":"https:\/\/www.laescueladelagua.com\/#\/schema\/person\/2ef62850d0c872a47ffe56f15c22323c"},"headline":"La Escuela del Agua culmina con \u00e9xito la 6\u00aa edici\u00f3n del Curso de Especializaci\u00f3n en Ecofactor\u00edas","datePublished":"2025-05-21T20:59:08+00:00","mainEntityOfPage":{"@id":"https:\/\/www.laescueladelagua.com\/en\/la-escuela-del-agua-culmina-con-exito-la-6a-edicion-del-curso-de-especializacion-en-ecofactorias\/"},"wordCount":438,"commentCount":0,"publisher":{"@id":"https:\/\/www.laescueladelagua.com\/#organization"},"image":{"@id":"https:\/\/www.laescueladelagua.com\/en\/la-escuela-del-agua-culmina-con-exito-la-6a-edicion-del-curso-de-especializacion-en-ecofactorias\/#primaryimage"},"thumbnailUrl":"\/wp-content\/uploads\/2025\/05\/20250424_112702-scaled.jpg","articleSection":["Programas"],"inLanguage":"en-US","potentialAction":[{"@type":"CommentAction","name":"Comment","target":["https:\/\/www.laescueladelagua.com\/en\/la-escuela-del-agua-culmina-con-exito-la-6a-edicion-del-curso-de-especializacion-en-ecofactorias\/#respond"]}]},{"@type":"WebPage","@id":"https:\/\/www.laescueladelagua.com\/en\/la-escuela-del-agua-culmina-con-exito-la-6a-edicion-del-curso-de-especializacion-en-ecofactorias\/","url":"https:\/\/www.laescueladelagua.com\/en\/la-escuela-del-agua-culmina-con-exito-la-6a-edicion-del-curso-de-especializacion-en-ecofactorias\/","name":"La Escuela del Agua culmina con \u00e9xito la 6\u00aa edici\u00f3n del Curso de Especializaci\u00f3n en Ecofactor\u00edas - Escuela del agua","isPartOf":{"@id":"https:\/\/www.laescueladelagua.com\/#website"},"primaryImageOfPage":{"@id":"https:\/\/www.laescueladelagua.com\/en\/la-escuela-del-agua-culmina-con-exito-la-6a-edicion-del-curso-de-especializacion-en-ecofactorias\/#primaryimage"},"image":{"@id":"https:\/\/www.laescueladelagua.com\/en\/la-escuela-del-agua-culmina-con-exito-la-6a-edicion-del-curso-de-especializacion-en-ecofactorias\/#primaryimage"},"thumbnailUrl":"\/wp-content\/uploads\/2025\/05\/20250424_112702-scaled.jpg","datePublished":"2025-05-21T20:59:08+00:00","description":"Catorce profesionales de Veolia Espa\u00f1a han completado con \u00e9xito la sexta edici\u00f3n del Curso de Especializaci\u00f3n en Ecofactor\u00edas","breadcrumb":{"@id":"https:\/\/www.laescueladelagua.com\/en\/la-escuela-del-agua-culmina-con-exito-la-6a-edicion-del-curso-de-especializacion-en-ecofactorias\/#breadcrumb"},"inLanguage":"en-US","potentialAction":[{"@type":"ReadAction","target":["https:\/\/www.laescueladelagua.com\/en\/la-escuela-del-agua-culmina-con-exito-la-6a-edicion-del-curso-de-especializacion-en-ecofactorias\/"]}]},{"@type":"ImageObject","inLanguage":"en-US","@id":"https:\/\/www.laescueladelagua.com\/en\/la-escuela-del-agua-culmina-con-exito-la-6a-edicion-del-curso-de-especializacion-en-ecofactorias\/#primaryimage","url":"\/wp-content\/uploads\/2025\/05\/20250424_112702-scaled.jpg","contentUrl":"\/wp-content\/uploads\/2025\/05\/20250424_112702-scaled.jpg","width":2560,"height":1920},{"@type":"BreadcrumbList","@id":"https:\/\/www.laescueladelagua.com\/en\/la-escuela-del-agua-culmina-con-exito-la-6a-edicion-del-curso-de-especializacion-en-ecofactorias\/#breadcrumb","itemListElement":[{"@type":"ListItem","position":1,"name":"Home","item":"https:\/\/www.laescueladelagua.com\/"},{"@type":"ListItem","position":2,"name":"La Escuela del Agua culmina con \u00e9xito la 6\u00aa edici\u00f3n del Curso de Especializaci\u00f3n en Ecofactor\u00edas"}]},{"@type":"WebSite","@id":"https:\/\/www.laescueladelagua.com\/#website","url":"https:\/\/www.laescueladelagua.com\/","name":"Escuela del agua","description":"","publisher":{"@id":"https:\/\/www.laescueladelagua.com\/#organization"},"potentialAction":[{"@type":"SearchAction","target":{"@type":"EntryPoint","urlTemplate":"https:\/\/www.laescueladelagua.com\/?s={search_term_string}"},"query-input":{"@type":"PropertyValueSpecification","valueRequired":true,"valueName":"search_term_string"}}],"inLanguage":"en-US"},{"@type":"Organization","@id":"https:\/\/www.laescueladelagua.com\/#organization","name":"Escuela del agua","url":"https:\/\/www.laescueladelagua.com\/","logo":{"@type":"ImageObject","inLanguage":"en-US","@id":"https:\/\/www.laescueladelagua.com\/#\/schema\/logo\/image\/","url":"\/wp-content\/uploads\/2023\/08\/logo_EscueladelAgua_mod.1.1_150px.png","contentUrl":"\/wp-content\/uploads\/2023\/08\/logo_EscueladelAgua_mod.1.1_150px.png","width":150,"height":90,"caption":"Escuela del agua"},"image":{"@id":"https:\/\/www.laescueladelagua.com\/#\/schema\/logo\/image\/"}},{"@type":"Person","@id":"https:\/\/www.laescueladelagua.com\/#\/schema\/person\/2ef62850d0c872a47ffe56f15c22323c","name":"william-jose.moreno","image":{"@type":"ImageObject","inLanguage":"en-US","@id":"https:\/\/www.laescueladelagua.com\/#\/schema\/person\/image\/","url":"https:\/\/secure.gravatar.com\/avatar\/f4016a09806c3bffd47afd9693b0eb27?s=96&d=mm&r=g","contentUrl":"https:\/\/secure.gravatar.com\/avatar\/f4016a09806c3bffd47afd9693b0eb27?s=96&d=mm&r=g","caption":"william-jose.moreno"},"url":"https:\/\/www.laescueladelagua.com\/en\/author\/william-jose-moreno\/"}]}},"meta_box":[],"_links":{"self":[{"href":"https:\/\/www.laescueladelagua.com\/en\/wp-json\/wp\/v2\/posts\/4232","targetHints":{"allow":["GET"]}}],"collection":[{"href":"https:\/\/www.laescueladelagua.com\/en\/wp-json\/wp\/v2\/posts"}],"about":[{"href":"https:\/\/www.laescueladelagua.com\/en\/wp-json\/wp\/v2\/types\/post"}],"author":[{"embeddable":true,"href":"https:\/\/www.laescueladelagua.com\/en\/wp-json\/wp\/v2\/users\/14"}],"replies":[{"embeddable":true,"href":"https:\/\/www.laescueladelagua.com\/en\/wp-json\/wp\/v2\/comments?post=4232"}],"version-history":[{"count":1,"href":"https:\/\/www.laescueladelagua.com\/en\/wp-json\/wp\/v2\/posts\/4232\/revisions"}],"predecessor-version":[{"id":4234,"href":"https:\/\/www.laescueladelagua.com\/en\/wp-json\/wp\/v2\/posts\/4232\/revisions\/4234"}],"wp:featuredmedia":[{"embeddable":true,"href":"https:\/\/www.laescueladelagua.com\/en\/wp-json\/wp\/v2\/media\/4233"}],"wp:attachment":[{"href":"https:\/\/www.laescueladelagua.com\/en\/wp-json\/wp\/v2\/media?parent=4232"}],"wp:term":[{"taxonomy":"category","embeddable":true,"href":"https:\/\/www.laescueladelagua.com\/en\/wp-json\/wp\/v2\/categories?post=4232"},{"taxonomy":"post_tag","embeddable":true,"href":"https:\/\/www.laescueladelagua.com\/en\/wp-json\/wp\/v2\/tags?post=4232"}],"curies":[{"name":"wp","href":"https:\/\/api.w.org\/{rel}","templated":true}]}}