{"id":4235,"date":"2025-05-23T08:10:08","date_gmt":"2025-05-23T08:10:08","guid":{"rendered":"https:\/\/www.laescueladelagua.com\/?p=4235"},"modified":"2025-05-23T08:10:08","modified_gmt":"2025-05-23T08:10:08","slug":"celebrada-en-madrid-la-final-nacional-del-stockholm-junior-water-prize-2025","status":"publish","type":"post","link":"https:\/\/www.laescueladelagua.com\/en\/celebrada-en-madrid-la-final-nacional-del-stockholm-junior-water-prize-2025\/","title":{"rendered":"Celebrada en Madrid la Final Nacional del Stockholm Junior Water Prize 2025"},"content":{"rendered":"<p><span style=\"font-weight: 400;\">El pasado <\/span><b>14 de mayo<\/b><span style=\"font-weight: 400;\"> se celebraba en Madrid la final nacional del <\/span><i><span style=\"font-weight: 400;\">Stockholm Junior Water Prize 2025<\/span><\/i><span style=\"font-weight: 400;\">, Organizado por la <\/span><b>Aquae Foundation<\/b><span style=\"font-weight: 400;\">, este certamen el llamado nobel junior del Agua re\u00fane a j\u00f3venes investigadores de todo el pa\u00eds para presentar sus proyectos sobre agua, medio ambiente y sostenibilidad.\u00a0\u00a0<\/span><\/p>\n<p><span style=\"font-weight: 400;\">El jurado de esta edici\u00f3n ha estado compuesto por profesionales de referencia en el \u00e1mbito acad\u00e9mico y educativo:<\/span><\/p>\n<ul>\n<li style=\"font-weight: 400;\" aria-level=\"1\"><b>Amelia P\u00e9rez Zabaleta, <\/b><span style=\"font-weight: 400;\">profesora de Econom\u00eda Aplicada en la UNED, directora de la C\u00e1tedra Econom\u00eda del Agua de Fundaci\u00f3n AQUAE-UNED y Decana-Presidenta del Colegio de Economistas de Madrid,como presidenta.<\/span><\/li>\n<li style=\"font-weight: 400;\" aria-level=\"1\"><b>Samuel S\u00e1nchez,<\/b><span style=\"font-weight: 400;\"> Director Adjunto del Instituto de Biotecnolog\u00eda de Catalu\u00f1a, CEO Nanobots Therapeutics, primer vocal.<\/span><\/li>\n<li style=\"font-weight: 400;\" aria-level=\"1\"><b>Albert Folch,<\/b><span style=\"font-weight: 400;\"> profesor de Ingenier\u00eda Civil y Ambiental en la UPC, como segundo vocal.<\/span><\/li>\n<li style=\"font-weight: 400;\" aria-level=\"1\"><b>Jose Luis Cortina,<\/b><span style=\"font-weight: 400;\"> Profesor de Ingenier\u00eda Qu\u00edmica en la UPC y SeniorResearch Directo en CETAQUA, como tercera vocal.<\/span><\/li>\n<li style=\"font-weight: 400;\" aria-level=\"1\"><b>Mirem Eire Ruiz, <\/b><span style=\"font-weight: 400;\">coordinadora de proyectos educativos de La Escuela del Agua, como cuarta vocal.<\/span><\/li>\n<\/ul>\n<p><span style=\"font-weight: 400;\">En esta edici\u00f3n, los proyectos finalistas abordaron cuestiones clave en la sostenibilidad h\u00eddrica desde un enfoque innovador y multidisciplinar. Fueron los siguientes:<\/span><\/p>\n<ul>\n<li style=\"font-weight: 400;\" aria-level=\"1\"><b>\u00bfPuede cambiar el regad\u00edo el contenido de carbono inorg\u00e1nico en el suelo?<\/b><span style=\"font-weight: 400;\">, un estudio que explora la relaci\u00f3n entre las pr\u00e1cticas agr\u00edcolas y la din\u00e1mica del carbono en el suelo, con implicaciones importantes para la sostenibilidad de los ecosistemas agrarios.<\/span><span style=\"font-weight: 400;\">\n<p><\/span><\/li>\n<li style=\"font-weight: 400;\" aria-level=\"1\"><b>An\u00e1lisis de agua y elaboraci\u00f3n de filtros artesanales para mejorar la calidad del agua de Valencia del Ventoso<\/b><span style=\"font-weight: 400;\">, que propone soluciones accesibles para la potabilizaci\u00f3n del agua, centradas en el \u00e1mbito rural y basadas en materiales sostenibles.<\/span><span style=\"font-weight: 400;\">\n<p><\/span><\/li>\n<li style=\"font-weight: 400;\" aria-level=\"1\"><b>Modificaci\u00f3n de la estructura del suelo por parte de la vegetaci\u00f3n urbana y su aplicaci\u00f3n en la gesti\u00f3n de inundaciones mediante SIG e inteligencia artificial<\/b><span style=\"font-weight: 400;\">, un trabajo que combina ecolog\u00eda urbana y tecnolog\u00eda avanzada para abordar riesgos asociados al cambio clim\u00e1tico en entornos urbanos.<\/span><span style=\"font-weight: 400;\">\n<p><\/span><\/li>\n<\/ul>\n<p><span style=\"font-weight: 400;\">Tras su deliberaci\u00f3n, el jurado ha determinado que el proyecto titulado Modificaci\u00f3n de la estructura del suelo por parte de la vegetaci\u00f3n urbana y aplicaci\u00f3n en la gesti\u00f3n de inundaciones mediante SIG e Inteligencia Artificial realizado por\u00a0 Arturo Palomino Moreno, alumno de 2\u00ba de Bachillerato del IES Consaburum de Consuegra (Toledo), ser\u00e1 el que represente a\u00a0 Espa\u00f1a en la final internacional del SJWP 2025. Un trabajo multidisciplinar que aborda una problem\u00e1tica real y localizada con una t\u00e9cnica aplicable a otros entornos, que se presenta como una herramienta para zonas inundables.<\/span><\/p>\n<p>&nbsp;<\/p>\n<p><span style=\"font-weight: 400;\">En la Escuela del Agua, reafirmamos nuestro compromiso con los j\u00f3venes investigadores que dedican su talento y pasi\u00f3n en el sector del agua y el medio ambiente. Creemos firmemente que su curiosidad y dedicaci\u00f3n son fundamentales para construir un futuro sostenible. Le deseamos mucha suerte a Arturo en la final!<\/span><\/p>","protected":false},"excerpt":{"rendered":"<p>El pasado 14 de mayo se celebraba en Madrid la final nacional del Stockholm Junior Water Prize 2025, Organizado por la Fundaci\u00f3n Aquae, este certamen el llamado nobel junior del Agua re\u00fane a j\u00f3venes investigadores de todo el pa\u00eds para presentar sus proyectos sobre agua, medio ambiente y sostenibilidad.\u00a0\u00a0 El jurado de esta edici\u00f3n ha [&hellip;]<\/p>","protected":false},"author":14,"featured_media":4236,"comment_status":"open","ping_status":"open","sticky":false,"template":"","format":"standard","meta":{"footnotes":""},"categories":[149],"tags":[],"class_list":["post-4235","post","type-post","status-publish","format-standard","has-post-thumbnail","hentry","category-orientacion-profesional"],"yoast_head":"<!-- This site is optimized with the Yoast SEO plugin v24.5 - https:\/\/yoast.com\/wordpress\/plugins\/seo\/ -->\r\n<title>Celebrada en Madrid la Final Nacional del Stockholm Junior Water Prize 2025 - Escuela del agua<\/title>\r\n<meta name=\"description\" content=\"Celebrada en Madrid la Final Nacional del Stockholm Junior Water Prize 2025\" \/>\r\n<meta name=\"robots\" content=\"index, follow, max-snippet:-1, max-image-preview:large, max-video-preview:-1\" \/>\r\n<link rel=\"canonical\" href=\"https:\/\/www.laescueladelagua.com\/en\/celebrada-en-madrid-la-final-nacional-del-stockholm-junior-water-prize-2025\/\" \/>\r\n<meta property=\"og:locale\" content=\"en_US\" \/>\r\n<meta property=\"og:type\" content=\"article\" \/>\r\n<meta property=\"og:title\" content=\"Celebrada en Madrid la Final Nacional del Stockholm Junior Water Prize 2025 - Escuela del agua\" \/>\r\n<meta property=\"og:description\" content=\"Celebrada en Madrid la Final Nacional del Stockholm Junior Water Prize 2025\" \/>\r\n<meta property=\"og:url\" content=\"https:\/\/www.laescueladelagua.com\/en\/celebrada-en-madrid-la-final-nacional-del-stockholm-junior-water-prize-2025\/\" \/>\r\n<meta property=\"og:site_name\" content=\"Escuela del agua\" \/>\r\n<meta property=\"article:published_time\" content=\"2025-05-23T08:10:08+00:00\" \/>\r\n<meta property=\"og:image\" content=\"https:\/\/www.laescueladelagua.com\/wp-content\/uploads\/2025\/05\/unnamed.jpg\" \/>\r\n\t<meta property=\"og:image:width\" content=\"512\" \/>\r\n\t<meta property=\"og:image:height\" content=\"341\" \/>\r\n\t<meta property=\"og:image:type\" content=\"image\/jpeg\" \/>\r\n<meta name=\"author\" content=\"william-jose.moreno\" \/>\r\n<meta name=\"twitter:card\" content=\"summary_large_image\" \/>\r\n<meta name=\"twitter:label1\" content=\"Written by\" \/>\n\t<meta name=\"twitter:data1\" content=\"william-jose.moreno\" \/>\n\t<meta name=\"twitter:label2\" content=\"Est. reading time\" \/>\n\t<meta name=\"twitter:data2\" content=\"3 minutes\" \/>\r\n<script type=\"application\/ld+json\" class=\"yoast-schema-graph\">{\"@context\":\"https:\/\/schema.org\",\"@graph\":[{\"@type\":\"Article\",\"@id\":\"https:\/\/www.laescueladelagua.com\/en\/celebrada-en-madrid-la-final-nacional-del-stockholm-junior-water-prize-2025\/#article\",\"isPartOf\":{\"@id\":\"https:\/\/www.laescueladelagua.com\/en\/celebrada-en-madrid-la-final-nacional-del-stockholm-junior-water-prize-2025\/\"},\"author\":{\"name\":\"william-jose.moreno\",\"@id\":\"https:\/\/www.laescueladelagua.com\/#\/schema\/person\/2ef62850d0c872a47ffe56f15c22323c\"},\"headline\":\"Celebrada en Madrid la Final Nacional del Stockholm Junior Water Prize 2025\",\"datePublished\":\"2025-05-23T08:10:08+00:00\",\"mainEntityOfPage\":{\"@id\":\"https:\/\/www.laescueladelagua.com\/en\/celebrada-en-madrid-la-final-nacional-del-stockholm-junior-water-prize-2025\/\"},\"wordCount\":496,\"commentCount\":0,\"publisher\":{\"@id\":\"https:\/\/www.laescueladelagua.com\/#organization\"},\"image\":{\"@id\":\"https:\/\/www.laescueladelagua.com\/en\/celebrada-en-madrid-la-final-nacional-del-stockholm-junior-water-prize-2025\/#primaryimage\"},\"thumbnailUrl\":\"\/wp-content\/uploads\/2025\/05\/unnamed.jpg\",\"articleSection\":[\"Orientaci\u00f3n Profesional\"],\"inLanguage\":\"en-US\",\"potentialAction\":[{\"@type\":\"CommentAction\",\"name\":\"Comment\",\"target\":[\"https:\/\/www.laescueladelagua.com\/en\/celebrada-en-madrid-la-final-nacional-del-stockholm-junior-water-prize-2025\/#respond\"]}]},{\"@type\":\"WebPage\",\"@id\":\"https:\/\/www.laescueladelagua.com\/en\/celebrada-en-madrid-la-final-nacional-del-stockholm-junior-water-prize-2025\/\",\"url\":\"https:\/\/www.laescueladelagua.com\/en\/celebrada-en-madrid-la-final-nacional-del-stockholm-junior-water-prize-2025\/\",\"name\":\"Celebrada en Madrid la Final Nacional del Stockholm Junior Water Prize 2025 - Escuela del agua\",\"isPartOf\":{\"@id\":\"https:\/\/www.laescueladelagua.com\/#website\"},\"primaryImageOfPage\":{\"@id\":\"https:\/\/www.laescueladelagua.com\/en\/celebrada-en-madrid-la-final-nacional-del-stockholm-junior-water-prize-2025\/#primaryimage\"},\"image\":{\"@id\":\"https:\/\/www.laescueladelagua.com\/en\/celebrada-en-madrid-la-final-nacional-del-stockholm-junior-water-prize-2025\/#primaryimage\"},\"thumbnailUrl\":\"\/wp-content\/uploads\/2025\/05\/unnamed.jpg\",\"datePublished\":\"2025-05-23T08:10:08+00:00\",\"description\":\"Celebrada en Madrid la Final Nacional del Stockholm Junior Water Prize 2025\",\"breadcrumb\":{\"@id\":\"https:\/\/www.laescueladelagua.com\/en\/celebrada-en-madrid-la-final-nacional-del-stockholm-junior-water-prize-2025\/#breadcrumb\"},\"inLanguage\":\"en-US\",\"potentialAction\":[{\"@type\":\"ReadAction\",\"target\":[\"https:\/\/www.laescueladelagua.com\/en\/celebrada-en-madrid-la-final-nacional-del-stockholm-junior-water-prize-2025\/\"]}]},{\"@type\":\"ImageObject\",\"inLanguage\":\"en-US\",\"@id\":\"https:\/\/www.laescueladelagua.com\/en\/celebrada-en-madrid-la-final-nacional-del-stockholm-junior-water-prize-2025\/#primaryimage\",\"url\":\"\/wp-content\/uploads\/2025\/05\/unnamed.jpg\",\"contentUrl\":\"\/wp-content\/uploads\/2025\/05\/unnamed.jpg\",\"width\":512,\"height\":341},{\"@type\":\"BreadcrumbList\",\"@id\":\"https:\/\/www.laescueladelagua.com\/en\/celebrada-en-madrid-la-final-nacional-del-stockholm-junior-water-prize-2025\/#breadcrumb\",\"itemListElement\":[{\"@type\":\"ListItem\",\"position\":1,\"name\":\"Home\",\"item\":\"https:\/\/www.laescueladelagua.com\/\"},{\"@type\":\"ListItem\",\"position\":2,\"name\":\"Celebrada en Madrid la Final Nacional del Stockholm Junior Water Prize 2025\"}]},{\"@type\":\"WebSite\",\"@id\":\"https:\/\/www.laescueladelagua.com\/#website\",\"url\":\"https:\/\/www.laescueladelagua.com\/\",\"name\":\"Escuela del agua\",\"description\":\"\",\"publisher\":{\"@id\":\"https:\/\/www.laescueladelagua.com\/#organization\"},\"potentialAction\":[{\"@type\":\"SearchAction\",\"target\":{\"@type\":\"EntryPoint\",\"urlTemplate\":\"https:\/\/www.laescueladelagua.com\/?s={search_term_string}\"},\"query-input\":{\"@type\":\"PropertyValueSpecification\",\"valueRequired\":true,\"valueName\":\"search_term_string\"}}],\"inLanguage\":\"en-US\"},{\"@type\":\"Organization\",\"@id\":\"https:\/\/www.laescueladelagua.com\/#organization\",\"name\":\"Escuela del agua\",\"url\":\"https:\/\/www.laescueladelagua.com\/\",\"logo\":{\"@type\":\"ImageObject\",\"inLanguage\":\"en-US\",\"@id\":\"https:\/\/www.laescueladelagua.com\/#\/schema\/logo\/image\/\",\"url\":\"\/wp-content\/uploads\/2023\/08\/logo_EscueladelAgua_mod.1.1_150px.png\",\"contentUrl\":\"\/wp-content\/uploads\/2023\/08\/logo_EscueladelAgua_mod.1.1_150px.png\",\"width\":150,\"height\":90,\"caption\":\"Escuela del agua\"},\"image\":{\"@id\":\"https:\/\/www.laescueladelagua.com\/#\/schema\/logo\/image\/\"}},{\"@type\":\"Person\",\"@id\":\"https:\/\/www.laescueladelagua.com\/#\/schema\/person\/2ef62850d0c872a47ffe56f15c22323c\",\"name\":\"william-jose.moreno\",\"image\":{\"@type\":\"ImageObject\",\"inLanguage\":\"en-US\",\"@id\":\"https:\/\/www.laescueladelagua.com\/#\/schema\/person\/image\/\",\"url\":\"https:\/\/secure.gravatar.com\/avatar\/f4016a09806c3bffd47afd9693b0eb27?s=96&d=mm&r=g\",\"contentUrl\":\"https:\/\/secure.gravatar.com\/avatar\/f4016a09806c3bffd47afd9693b0eb27?s=96&d=mm&r=g\",\"caption\":\"william-jose.moreno\"},\"url\":\"https:\/\/www.laescueladelagua.com\/en\/author\/william-jose-moreno\/\"}]}<\/script>\r\n<!-- \/ Yoast SEO plugin. -->","yoast_head_json":{"title":"Celebrada en Madrid la Final Nacional del Stockholm Junior Water Prize 2025 - Escuela del agua","description":"Celebrada en Madrid la Final Nacional del Stockholm Junior Water Prize 2025","robots":{"index":"index","follow":"follow","max-snippet":"max-snippet:-1","max-image-preview":"max-image-preview:large","max-video-preview":"max-video-preview:-1"},"canonical":"https:\/\/www.laescueladelagua.com\/en\/celebrada-en-madrid-la-final-nacional-del-stockholm-junior-water-prize-2025\/","og_locale":"en_US","og_type":"article","og_title":"Celebrada en Madrid la Final Nacional del Stockholm Junior Water Prize 2025 - Escuela del agua","og_description":"Celebrada en Madrid la Final Nacional del Stockholm Junior Water Prize 2025","og_url":"https:\/\/www.laescueladelagua.com\/en\/celebrada-en-madrid-la-final-nacional-del-stockholm-junior-water-prize-2025\/","og_site_name":"Escuela del agua","article_published_time":"2025-05-23T08:10:08+00:00","og_image":[{"width":512,"height":341,"url":"https:\/\/www.laescueladelagua.com\/wp-content\/uploads\/2025\/05\/unnamed.jpg","type":"image\/jpeg"}],"author":"william-jose.moreno","twitter_card":"summary_large_image","twitter_misc":{"Written by":"william-jose.moreno","Est. reading time":"3 minutes"},"schema":{"@context":"https:\/\/schema.org","@graph":[{"@type":"Article","@id":"https:\/\/www.laescueladelagua.com\/en\/celebrada-en-madrid-la-final-nacional-del-stockholm-junior-water-prize-2025\/#article","isPartOf":{"@id":"https:\/\/www.laescueladelagua.com\/en\/celebrada-en-madrid-la-final-nacional-del-stockholm-junior-water-prize-2025\/"},"author":{"name":"william-jose.moreno","@id":"https:\/\/www.laescueladelagua.com\/#\/schema\/person\/2ef62850d0c872a47ffe56f15c22323c"},"headline":"Celebrada en Madrid la Final Nacional del Stockholm Junior Water Prize 2025","datePublished":"2025-05-23T08:10:08+00:00","mainEntityOfPage":{"@id":"https:\/\/www.laescueladelagua.com\/en\/celebrada-en-madrid-la-final-nacional-del-stockholm-junior-water-prize-2025\/"},"wordCount":496,"commentCount":0,"publisher":{"@id":"https:\/\/www.laescueladelagua.com\/#organization"},"image":{"@id":"https:\/\/www.laescueladelagua.com\/en\/celebrada-en-madrid-la-final-nacional-del-stockholm-junior-water-prize-2025\/#primaryimage"},"thumbnailUrl":"\/wp-content\/uploads\/2025\/05\/unnamed.jpg","articleSection":["Orientaci\u00f3n Profesional"],"inLanguage":"en-US","potentialAction":[{"@type":"CommentAction","name":"Comment","target":["https:\/\/www.laescueladelagua.com\/en\/celebrada-en-madrid-la-final-nacional-del-stockholm-junior-water-prize-2025\/#respond"]}]},{"@type":"WebPage","@id":"https:\/\/www.laescueladelagua.com\/en\/celebrada-en-madrid-la-final-nacional-del-stockholm-junior-water-prize-2025\/","url":"https:\/\/www.laescueladelagua.com\/en\/celebrada-en-madrid-la-final-nacional-del-stockholm-junior-water-prize-2025\/","name":"Celebrada en Madrid la Final Nacional del Stockholm Junior Water Prize 2025 - Escuela del agua","isPartOf":{"@id":"https:\/\/www.laescueladelagua.com\/#website"},"primaryImageOfPage":{"@id":"https:\/\/www.laescueladelagua.com\/en\/celebrada-en-madrid-la-final-nacional-del-stockholm-junior-water-prize-2025\/#primaryimage"},"image":{"@id":"https:\/\/www.laescueladelagua.com\/en\/celebrada-en-madrid-la-final-nacional-del-stockholm-junior-water-prize-2025\/#primaryimage"},"thumbnailUrl":"\/wp-content\/uploads\/2025\/05\/unnamed.jpg","datePublished":"2025-05-23T08:10:08+00:00","description":"Celebrada en Madrid la Final Nacional del Stockholm Junior Water Prize 2025","breadcrumb":{"@id":"https:\/\/www.laescueladelagua.com\/en\/celebrada-en-madrid-la-final-nacional-del-stockholm-junior-water-prize-2025\/#breadcrumb"},"inLanguage":"en-US","potentialAction":[{"@type":"ReadAction","target":["https:\/\/www.laescueladelagua.com\/en\/celebrada-en-madrid-la-final-nacional-del-stockholm-junior-water-prize-2025\/"]}]},{"@type":"ImageObject","inLanguage":"en-US","@id":"https:\/\/www.laescueladelagua.com\/en\/celebrada-en-madrid-la-final-nacional-del-stockholm-junior-water-prize-2025\/#primaryimage","url":"\/wp-content\/uploads\/2025\/05\/unnamed.jpg","contentUrl":"\/wp-content\/uploads\/2025\/05\/unnamed.jpg","width":512,"height":341},{"@type":"BreadcrumbList","@id":"https:\/\/www.laescueladelagua.com\/en\/celebrada-en-madrid-la-final-nacional-del-stockholm-junior-water-prize-2025\/#breadcrumb","itemListElement":[{"@type":"ListItem","position":1,"name":"Home","item":"https:\/\/www.laescueladelagua.com\/"},{"@type":"ListItem","position":2,"name":"Celebrada en Madrid la Final Nacional del Stockholm Junior Water Prize 2025"}]},{"@type":"WebSite","@id":"https:\/\/www.laescueladelagua.com\/#website","url":"https:\/\/www.laescueladelagua.com\/","name":"Escuela del agua","description":"","publisher":{"@id":"https:\/\/www.laescueladelagua.com\/#organization"},"potentialAction":[{"@type":"SearchAction","target":{"@type":"EntryPoint","urlTemplate":"https:\/\/www.laescueladelagua.com\/?s={search_term_string}"},"query-input":{"@type":"PropertyValueSpecification","valueRequired":true,"valueName":"search_term_string"}}],"inLanguage":"en-US"},{"@type":"Organization","@id":"https:\/\/www.laescueladelagua.com\/#organization","name":"Escuela del agua","url":"https:\/\/www.laescueladelagua.com\/","logo":{"@type":"ImageObject","inLanguage":"en-US","@id":"https:\/\/www.laescueladelagua.com\/#\/schema\/logo\/image\/","url":"\/wp-content\/uploads\/2023\/08\/logo_EscueladelAgua_mod.1.1_150px.png","contentUrl":"\/wp-content\/uploads\/2023\/08\/logo_EscueladelAgua_mod.1.1_150px.png","width":150,"height":90,"caption":"Escuela del agua"},"image":{"@id":"https:\/\/www.laescueladelagua.com\/#\/schema\/logo\/image\/"}},{"@type":"Person","@id":"https:\/\/www.laescueladelagua.com\/#\/schema\/person\/2ef62850d0c872a47ffe56f15c22323c","name":"william-jose.moreno","image":{"@type":"ImageObject","inLanguage":"en-US","@id":"https:\/\/www.laescueladelagua.com\/#\/schema\/person\/image\/","url":"https:\/\/secure.gravatar.com\/avatar\/f4016a09806c3bffd47afd9693b0eb27?s=96&d=mm&r=g","contentUrl":"https:\/\/secure.gravatar.com\/avatar\/f4016a09806c3bffd47afd9693b0eb27?s=96&d=mm&r=g","caption":"william-jose.moreno"},"url":"https:\/\/www.laescueladelagua.com\/en\/author\/william-jose-moreno\/"}]}},"meta_box":[],"_links":{"self":[{"href":"https:\/\/www.laescueladelagua.com\/en\/wp-json\/wp\/v2\/posts\/4235","targetHints":{"allow":["GET"]}}],"collection":[{"href":"https:\/\/www.laescueladelagua.com\/en\/wp-json\/wp\/v2\/posts"}],"about":[{"href":"https:\/\/www.laescueladelagua.com\/en\/wp-json\/wp\/v2\/types\/post"}],"author":[{"embeddable":true,"href":"https:\/\/www.laescueladelagua.com\/en\/wp-json\/wp\/v2\/users\/14"}],"replies":[{"embeddable":true,"href":"https:\/\/www.laescueladelagua.com\/en\/wp-json\/wp\/v2\/comments?post=4235"}],"version-history":[{"count":1,"href":"https:\/\/www.laescueladelagua.com\/en\/wp-json\/wp\/v2\/posts\/4235\/revisions"}],"predecessor-version":[{"id":4237,"href":"https:\/\/www.laescueladelagua.com\/en\/wp-json\/wp\/v2\/posts\/4235\/revisions\/4237"}],"wp:featuredmedia":[{"embeddable":true,"href":"https:\/\/www.laescueladelagua.com\/en\/wp-json\/wp\/v2\/media\/4236"}],"wp:attachment":[{"href":"https:\/\/www.laescueladelagua.com\/en\/wp-json\/wp\/v2\/media?parent=4235"}],"wp:term":[{"taxonomy":"category","embeddable":true,"href":"https:\/\/www.laescueladelagua.com\/en\/wp-json\/wp\/v2\/categories?post=4235"},{"taxonomy":"post_tag","embeddable":true,"href":"https:\/\/www.laescueladelagua.com\/en\/wp-json\/wp\/v2\/tags?post=4235"}],"curies":[{"name":"wp","href":"https:\/\/api.w.org\/{rel}","templated":true}]}}