{"id":4239,"date":"2025-05-27T08:31:52","date_gmt":"2025-05-27T08:31:52","guid":{"rendered":"https:\/\/www.laescueladelagua.com\/?p=4239"},"modified":"2025-05-27T14:12:12","modified_gmt":"2025-05-27T14:12:12","slug":"la-escuela-del-agua-de-agbar-presenta-su-modelo-de-acreditacion-masiva","status":"publish","type":"post","link":"https:\/\/www.laescueladelagua.com\/en\/la-escuela-del-agua-de-agbar-presenta-su-modelo-de-acreditacion-masiva\/","title":{"rendered":"La Escuela del Agua de Agbar presenta su modelo de acreditaci\u00f3n masiva"},"content":{"rendered":"<p>El pasado martes 20 de mayo la <a href=\"https:\/\/coell.org\/\">COELL<\/a> y <a href=\"https:\/\/pimec.org\/es\">PIMEC<\/a> organizaron una sesi\u00f3n informativa para dar a conocer los procedimientos de acreditaci\u00f3n de competencias profesionales, tanto individuales como colectivos, dirigida a empresas, asociaciones y personas trabajadoras.<\/p>\n<p>&nbsp;<\/p>\n<p><span style=\"font-weight: 400;\">Los organizadores del evento han acogido a m\u00e1s de cincuenta personas entre empresas, gremios, asociaciones e interesados a asistir a la jornada dedicada a la presentaci\u00f3n de los procedimientos de acreditaci\u00f3n de competencias profesionales, tanto en su modalidad individual como en la nueva modalidad masiva, que permite a las empresas reconocer formalmente las competencias de su personal a trav\u00e9s de convenios con la Agencia P\u00fablica de Formaci\u00f3n y Cualificaci\u00f3n Profesional de Catalu\u00f1a (<\/span><a href=\"https:\/\/fp.gencat.cat\/ca\/acreditacio\/\"><span style=\"font-weight: 400;\">Agencia FPCAT<\/span><\/a><span style=\"font-weight: 400;\">).\u00a0<\/span><\/p>\n<p><span style=\"font-weight: 400;\">La jornada tuvo lugar en la sala de actos de la <\/span><i><span style=\"font-weight: 400;\">Escola del Treball de Lleida<\/span><\/i><span style=\"font-weight: 400;\"> gracias a la iniciativa del Grupo de Trabajo de la \u201cComisi\u00f3n de Oportunidades de Empleo y Tendencias del Mercado Laboral\u201d del Consejo Municipal de la <\/span><a href=\"https:\/\/www.paeria.cat\/\"><span style=\"font-weight: 400;\">FPiO de Lleida<\/span><\/a><span style=\"font-weight: 400;\">, con el objetivo de explicar c\u00f3mo este nuevo modelo puede beneficiar tanto a las personas como a las empresas. La acreditaci\u00f3n de competencias permite a los trabajadores obtener un reconocimiento oficial de su experiencia profesional o formaci\u00f3n no reglada, mejorando su proyecci\u00f3n laboral y reforzando su autoestima profesional.<\/span><\/p>\n<p><span style=\"font-weight: 400;\">El acto cont\u00f3 con la participaci\u00f3n de Xavier Blanco, concejal de Juventud, Educaci\u00f3n y Empleo del Ayuntamiento de Lleida, Josep Maria Garde\u00f1es, presidente de la COELL, Borja Solans, presidente de Pimec Lleida, Jos\u00e9 Lu\u00eds Dur\u00e1n, presidente de la Agencia FPCAT, y Esther Par\u00eds, jefa del \u00c0rea de Acreditaci\u00f3n de la Agencia. Agbar particip\u00f3 en la mesa redonda compartiendo su experiencia como empresa que ha realizado el proceso de acreditaci\u00f3n masiva. El acto finaliz\u00f3 con la intervenci\u00f3n de Silvia Mir\u00f3, directora del \u00c1rea de Trabajo de Pimec, y Natalia Baldan, responsable de Conocimiento y Formaci\u00f3n Profesional de <\/span><a href=\"https:\/\/www.foment.com\/es\/\"><span style=\"font-weight: 400;\">FNT<\/span><\/a><span style=\"font-weight: 400;\">.<\/span><\/p>\n<p>&nbsp;<\/p>\n<h4><strong>Un proceso con impacto real<\/strong><\/h4>\n<p>&nbsp;<\/p>\n<p><span style=\"font-weight: 400;\">Desde Agbar, y tras varios procesos de acreditaci\u00f3n de su plantilla desde 2012 y una experiencia consolidada con m\u00e1s de 500 profesionales acreditados, en 2024 pusimos en marcha un procedimiento masivo que continuar\u00e1 en 2025 gracias a la pr\u00f3rroga de su convenio con la Agencia FPCAT. Este sistema no solo agiliza el proceso de forma administrativa y log\u00edstica, sino que permite llegar a un gran n\u00famero de trabajadores con mayor eficacia y flexibilidad.<\/span><\/p>\n<p>&nbsp;<\/p>\n<h4><strong>Beneficios<\/strong><\/h4>\n<p>&nbsp;<\/p>\n<p><span style=\"font-weight: 400;\">Desde la perspectiva de las personas trabajadoras, la acreditaci\u00f3n representa una oportunidad para validar oficialmente su experiencia sin necesidad de cursar toda la formaci\u00f3n te\u00f3rica, lo que aumenta su motivaci\u00f3n, seguridad y oportunidades de crecimiento. Para Agbar supone adem\u00e1s de una herramienta estrat\u00e9gica que nos ayuda a garantizar el cumplimiento de las exigencias legales recogidas en el Real Decreto 3\/2023, el refuerzo de la calidad del servicio y la mejora de la competitividad con otras empresas del sector.<\/span><\/p>\n<p>&nbsp;<\/p>\n<p><i><span style=\"font-weight: 400;\">Fue un placer tener la oportunidad de poder explicar c\u00f3mo Agbar, a trav\u00e9s de <a href=\"https:\/\/www.laescueladelagua.com\/en\/\">Water School<\/a>, est\u00e1 desarrollando las acreditaciones profesionales y c\u00f3mo impulsa la formaci\u00f3n profesional. Estamos convencidos de que la apuesta estrat\u00e9gica de la compa\u00f1\u00eda por el talento nos ayuda a reforzar la calidad del servicio que ofrecemos.<\/span><\/i><\/p>\n<p>&nbsp;<\/p>","protected":false},"excerpt":{"rendered":"<p>El pasado martes 20 de mayo la COELL y PIMEC organizaron una sesi\u00f3n informativa para dar a conocer los procedimientos de acreditaci\u00f3n de competencias profesionales, tanto individuales como colectivos, dirigida a empresas, asociaciones y personas trabajadoras. &nbsp; Los organizadores del evento han acogido a m\u00e1s de cincuenta personas entre empresas, gremios, asociaciones e interesados a [&hellip;]<\/p>","protected":false},"author":14,"featured_media":4240,"comment_status":"open","ping_status":"open","sticky":false,"template":"","format":"standard","meta":{"footnotes":""},"categories":[111],"tags":[],"class_list":["post-4239","post","type-post","status-publish","format-standard","has-post-thumbnail","hentry","category-acreditacion-profesional"],"yoast_head":"<!-- This site is optimized with the Yoast SEO plugin v24.5 - https:\/\/yoast.com\/wordpress\/plugins\/seo\/ -->\r\n<title>La Escuela del Agua de Agbar presenta su modelo de acreditaci\u00f3n masiva - Escuela del agua<\/title>\r\n<meta name=\"description\" content=\"La Escuela del Agua de Agbar presenta su modelo de acreditaci\u00f3n masiva en la jornada informativa organizada por la COELL y PIMEC.\" \/>\r\n<meta name=\"robots\" content=\"index, follow, max-snippet:-1, max-image-preview:large, max-video-preview:-1\" \/>\r\n<link rel=\"canonical\" href=\"https:\/\/www.laescueladelagua.com\/en\/la-escuela-del-agua-de-agbar-presenta-su-modelo-de-acreditacion-masiva\/\" \/>\r\n<meta property=\"og:locale\" content=\"en_US\" \/>\r\n<meta property=\"og:type\" content=\"article\" \/>\r\n<meta property=\"og:title\" content=\"La Escuela del Agua de Agbar presenta su modelo de acreditaci\u00f3n masiva - Escuela del agua\" \/>\r\n<meta property=\"og:description\" content=\"La Escuela del Agua de Agbar presenta su modelo de acreditaci\u00f3n masiva en la jornada informativa organizada por la COELL y PIMEC.\" \/>\r\n<meta property=\"og:url\" content=\"https:\/\/www.laescueladelagua.com\/en\/la-escuela-del-agua-de-agbar-presenta-su-modelo-de-acreditacion-masiva\/\" \/>\r\n<meta property=\"og:site_name\" content=\"Escuela del agua\" \/>\r\n<meta property=\"article:published_time\" content=\"2025-05-27T08:31:52+00:00\" \/>\r\n<meta property=\"article:modified_time\" content=\"2025-05-27T14:12:12+00:00\" \/>\r\n<meta property=\"og:image\" content=\"https:\/\/www.laescueladelagua.com\/wp-content\/uploads\/2025\/05\/Imagen-de-WhatsApp-2025-05-20-a-las-18.26.03_7acbbe31.jpg\" \/>\r\n\t<meta property=\"og:image:width\" content=\"1528\" \/>\r\n\t<meta property=\"og:image:height\" content=\"1528\" \/>\r\n\t<meta property=\"og:image:type\" content=\"image\/jpeg\" \/>\r\n<meta name=\"author\" content=\"william-jose.moreno\" \/>\r\n<meta name=\"twitter:card\" content=\"summary_large_image\" \/>\r\n<meta name=\"twitter:label1\" content=\"Written by\" \/>\n\t<meta name=\"twitter:data1\" content=\"william-jose.moreno\" \/>\n\t<meta name=\"twitter:label2\" content=\"Est. reading time\" \/>\n\t<meta name=\"twitter:data2\" content=\"3 minutes\" \/>\r\n<script type=\"application\/ld+json\" class=\"yoast-schema-graph\">{\"@context\":\"https:\/\/schema.org\",\"@graph\":[{\"@type\":\"Article\",\"@id\":\"https:\/\/www.laescueladelagua.com\/en\/la-escuela-del-agua-de-agbar-presenta-su-modelo-de-acreditacion-masiva\/#article\",\"isPartOf\":{\"@id\":\"https:\/\/www.laescueladelagua.com\/en\/la-escuela-del-agua-de-agbar-presenta-su-modelo-de-acreditacion-masiva\/\"},\"author\":{\"name\":\"william-jose.moreno\",\"@id\":\"https:\/\/www.laescueladelagua.com\/#\/schema\/person\/2ef62850d0c872a47ffe56f15c22323c\"},\"headline\":\"La Escuela del Agua de Agbar presenta su modelo de acreditaci\u00f3n masiva\",\"datePublished\":\"2025-05-27T08:31:52+00:00\",\"dateModified\":\"2025-05-27T14:12:12+00:00\",\"mainEntityOfPage\":{\"@id\":\"https:\/\/www.laescueladelagua.com\/en\/la-escuela-del-agua-de-agbar-presenta-su-modelo-de-acreditacion-masiva\/\"},\"wordCount\":563,\"commentCount\":0,\"publisher\":{\"@id\":\"https:\/\/www.laescueladelagua.com\/#organization\"},\"image\":{\"@id\":\"https:\/\/www.laescueladelagua.com\/en\/la-escuela-del-agua-de-agbar-presenta-su-modelo-de-acreditacion-masiva\/#primaryimage\"},\"thumbnailUrl\":\"\/wp-content\/uploads\/2025\/05\/Imagen-de-WhatsApp-2025-05-20-a-las-18.26.03_7acbbe31.jpg\",\"articleSection\":[\"Acreditaci\u00f3n Profesional\"],\"inLanguage\":\"en-US\",\"potentialAction\":[{\"@type\":\"CommentAction\",\"name\":\"Comment\",\"target\":[\"https:\/\/www.laescueladelagua.com\/en\/la-escuela-del-agua-de-agbar-presenta-su-modelo-de-acreditacion-masiva\/#respond\"]}]},{\"@type\":\"WebPage\",\"@id\":\"https:\/\/www.laescueladelagua.com\/en\/la-escuela-del-agua-de-agbar-presenta-su-modelo-de-acreditacion-masiva\/\",\"url\":\"https:\/\/www.laescueladelagua.com\/en\/la-escuela-del-agua-de-agbar-presenta-su-modelo-de-acreditacion-masiva\/\",\"name\":\"La Escuela del Agua de Agbar presenta su modelo de acreditaci\u00f3n masiva - Escuela del agua\",\"isPartOf\":{\"@id\":\"https:\/\/www.laescueladelagua.com\/#website\"},\"primaryImageOfPage\":{\"@id\":\"https:\/\/www.laescueladelagua.com\/en\/la-escuela-del-agua-de-agbar-presenta-su-modelo-de-acreditacion-masiva\/#primaryimage\"},\"image\":{\"@id\":\"https:\/\/www.laescueladelagua.com\/en\/la-escuela-del-agua-de-agbar-presenta-su-modelo-de-acreditacion-masiva\/#primaryimage\"},\"thumbnailUrl\":\"\/wp-content\/uploads\/2025\/05\/Imagen-de-WhatsApp-2025-05-20-a-las-18.26.03_7acbbe31.jpg\",\"datePublished\":\"2025-05-27T08:31:52+00:00\",\"dateModified\":\"2025-05-27T14:12:12+00:00\",\"description\":\"La Escuela del Agua de Agbar presenta su modelo de acreditaci\u00f3n masiva en la jornada informativa organizada por la COELL y PIMEC.\",\"breadcrumb\":{\"@id\":\"https:\/\/www.laescueladelagua.com\/en\/la-escuela-del-agua-de-agbar-presenta-su-modelo-de-acreditacion-masiva\/#breadcrumb\"},\"inLanguage\":\"en-US\",\"potentialAction\":[{\"@type\":\"ReadAction\",\"target\":[\"https:\/\/www.laescueladelagua.com\/en\/la-escuela-del-agua-de-agbar-presenta-su-modelo-de-acreditacion-masiva\/\"]}]},{\"@type\":\"ImageObject\",\"inLanguage\":\"en-US\",\"@id\":\"https:\/\/www.laescueladelagua.com\/en\/la-escuela-del-agua-de-agbar-presenta-su-modelo-de-acreditacion-masiva\/#primaryimage\",\"url\":\"\/wp-content\/uploads\/2025\/05\/Imagen-de-WhatsApp-2025-05-20-a-las-18.26.03_7acbbe31.jpg\",\"contentUrl\":\"\/wp-content\/uploads\/2025\/05\/Imagen-de-WhatsApp-2025-05-20-a-las-18.26.03_7acbbe31.jpg\",\"width\":1528,\"height\":1528,\"caption\":\"Jornada COELL\"},{\"@type\":\"BreadcrumbList\",\"@id\":\"https:\/\/www.laescueladelagua.com\/en\/la-escuela-del-agua-de-agbar-presenta-su-modelo-de-acreditacion-masiva\/#breadcrumb\",\"itemListElement\":[{\"@type\":\"ListItem\",\"position\":1,\"name\":\"Home\",\"item\":\"https:\/\/www.laescueladelagua.com\/\"},{\"@type\":\"ListItem\",\"position\":2,\"name\":\"La Escuela del Agua de Agbar presenta su modelo de acreditaci\u00f3n masiva\"}]},{\"@type\":\"WebSite\",\"@id\":\"https:\/\/www.laescueladelagua.com\/#website\",\"url\":\"https:\/\/www.laescueladelagua.com\/\",\"name\":\"Escuela del agua\",\"description\":\"\",\"publisher\":{\"@id\":\"https:\/\/www.laescueladelagua.com\/#organization\"},\"potentialAction\":[{\"@type\":\"SearchAction\",\"target\":{\"@type\":\"EntryPoint\",\"urlTemplate\":\"https:\/\/www.laescueladelagua.com\/?s={search_term_string}\"},\"query-input\":{\"@type\":\"PropertyValueSpecification\",\"valueRequired\":true,\"valueName\":\"search_term_string\"}}],\"inLanguage\":\"en-US\"},{\"@type\":\"Organization\",\"@id\":\"https:\/\/www.laescueladelagua.com\/#organization\",\"name\":\"Escuela del agua\",\"url\":\"https:\/\/www.laescueladelagua.com\/\",\"logo\":{\"@type\":\"ImageObject\",\"inLanguage\":\"en-US\",\"@id\":\"https:\/\/www.laescueladelagua.com\/#\/schema\/logo\/image\/\",\"url\":\"\/wp-content\/uploads\/2023\/08\/logo_EscueladelAgua_mod.1.1_150px.png\",\"contentUrl\":\"\/wp-content\/uploads\/2023\/08\/logo_EscueladelAgua_mod.1.1_150px.png\",\"width\":150,\"height\":90,\"caption\":\"Escuela del agua\"},\"image\":{\"@id\":\"https:\/\/www.laescueladelagua.com\/#\/schema\/logo\/image\/\"}},{\"@type\":\"Person\",\"@id\":\"https:\/\/www.laescueladelagua.com\/#\/schema\/person\/2ef62850d0c872a47ffe56f15c22323c\",\"name\":\"william-jose.moreno\",\"image\":{\"@type\":\"ImageObject\",\"inLanguage\":\"en-US\",\"@id\":\"https:\/\/www.laescueladelagua.com\/#\/schema\/person\/image\/\",\"url\":\"https:\/\/secure.gravatar.com\/avatar\/f4016a09806c3bffd47afd9693b0eb27?s=96&d=mm&r=g\",\"contentUrl\":\"https:\/\/secure.gravatar.com\/avatar\/f4016a09806c3bffd47afd9693b0eb27?s=96&d=mm&r=g\",\"caption\":\"william-jose.moreno\"},\"url\":\"https:\/\/www.laescueladelagua.com\/en\/author\/william-jose-moreno\/\"}]}<\/script>\r\n<!-- \/ Yoast SEO plugin. -->","yoast_head_json":{"title":"La Escuela del Agua de Agbar presenta su modelo de acreditaci\u00f3n masiva - Escuela del agua","description":"La Escuela del Agua de Agbar presenta su modelo de acreditaci\u00f3n masiva en la jornada informativa organizada por la COELL y PIMEC.","robots":{"index":"index","follow":"follow","max-snippet":"max-snippet:-1","max-image-preview":"max-image-preview:large","max-video-preview":"max-video-preview:-1"},"canonical":"https:\/\/www.laescueladelagua.com\/en\/la-escuela-del-agua-de-agbar-presenta-su-modelo-de-acreditacion-masiva\/","og_locale":"en_US","og_type":"article","og_title":"La Escuela del Agua de Agbar presenta su modelo de acreditaci\u00f3n masiva - Escuela del agua","og_description":"La Escuela del Agua de Agbar presenta su modelo de acreditaci\u00f3n masiva en la jornada informativa organizada por la COELL y PIMEC.","og_url":"https:\/\/www.laescueladelagua.com\/en\/la-escuela-del-agua-de-agbar-presenta-su-modelo-de-acreditacion-masiva\/","og_site_name":"Escuela del agua","article_published_time":"2025-05-27T08:31:52+00:00","article_modified_time":"2025-05-27T14:12:12+00:00","og_image":[{"width":1528,"height":1528,"url":"https:\/\/www.laescueladelagua.com\/wp-content\/uploads\/2025\/05\/Imagen-de-WhatsApp-2025-05-20-a-las-18.26.03_7acbbe31.jpg","type":"image\/jpeg"}],"author":"william-jose.moreno","twitter_card":"summary_large_image","twitter_misc":{"Written by":"william-jose.moreno","Est. reading time":"3 minutes"},"schema":{"@context":"https:\/\/schema.org","@graph":[{"@type":"Article","@id":"https:\/\/www.laescueladelagua.com\/en\/la-escuela-del-agua-de-agbar-presenta-su-modelo-de-acreditacion-masiva\/#article","isPartOf":{"@id":"https:\/\/www.laescueladelagua.com\/en\/la-escuela-del-agua-de-agbar-presenta-su-modelo-de-acreditacion-masiva\/"},"author":{"name":"william-jose.moreno","@id":"https:\/\/www.laescueladelagua.com\/#\/schema\/person\/2ef62850d0c872a47ffe56f15c22323c"},"headline":"La Escuela del Agua de Agbar presenta su modelo de acreditaci\u00f3n masiva","datePublished":"2025-05-27T08:31:52+00:00","dateModified":"2025-05-27T14:12:12+00:00","mainEntityOfPage":{"@id":"https:\/\/www.laescueladelagua.com\/en\/la-escuela-del-agua-de-agbar-presenta-su-modelo-de-acreditacion-masiva\/"},"wordCount":563,"commentCount":0,"publisher":{"@id":"https:\/\/www.laescueladelagua.com\/#organization"},"image":{"@id":"https:\/\/www.laescueladelagua.com\/en\/la-escuela-del-agua-de-agbar-presenta-su-modelo-de-acreditacion-masiva\/#primaryimage"},"thumbnailUrl":"\/wp-content\/uploads\/2025\/05\/Imagen-de-WhatsApp-2025-05-20-a-las-18.26.03_7acbbe31.jpg","articleSection":["Acreditaci\u00f3n Profesional"],"inLanguage":"en-US","potentialAction":[{"@type":"CommentAction","name":"Comment","target":["https:\/\/www.laescueladelagua.com\/en\/la-escuela-del-agua-de-agbar-presenta-su-modelo-de-acreditacion-masiva\/#respond"]}]},{"@type":"WebPage","@id":"https:\/\/www.laescueladelagua.com\/en\/la-escuela-del-agua-de-agbar-presenta-su-modelo-de-acreditacion-masiva\/","url":"https:\/\/www.laescueladelagua.com\/en\/la-escuela-del-agua-de-agbar-presenta-su-modelo-de-acreditacion-masiva\/","name":"La Escuela del Agua de Agbar presenta su modelo de acreditaci\u00f3n masiva - Escuela del agua","isPartOf":{"@id":"https:\/\/www.laescueladelagua.com\/#website"},"primaryImageOfPage":{"@id":"https:\/\/www.laescueladelagua.com\/en\/la-escuela-del-agua-de-agbar-presenta-su-modelo-de-acreditacion-masiva\/#primaryimage"},"image":{"@id":"https:\/\/www.laescueladelagua.com\/en\/la-escuela-del-agua-de-agbar-presenta-su-modelo-de-acreditacion-masiva\/#primaryimage"},"thumbnailUrl":"\/wp-content\/uploads\/2025\/05\/Imagen-de-WhatsApp-2025-05-20-a-las-18.26.03_7acbbe31.jpg","datePublished":"2025-05-27T08:31:52+00:00","dateModified":"2025-05-27T14:12:12+00:00","description":"La Escuela del Agua de Agbar presenta su modelo de acreditaci\u00f3n masiva en la jornada informativa organizada por la COELL y PIMEC.","breadcrumb":{"@id":"https:\/\/www.laescueladelagua.com\/en\/la-escuela-del-agua-de-agbar-presenta-su-modelo-de-acreditacion-masiva\/#breadcrumb"},"inLanguage":"en-US","potentialAction":[{"@type":"ReadAction","target":["https:\/\/www.laescueladelagua.com\/en\/la-escuela-del-agua-de-agbar-presenta-su-modelo-de-acreditacion-masiva\/"]}]},{"@type":"ImageObject","inLanguage":"en-US","@id":"https:\/\/www.laescueladelagua.com\/en\/la-escuela-del-agua-de-agbar-presenta-su-modelo-de-acreditacion-masiva\/#primaryimage","url":"\/wp-content\/uploads\/2025\/05\/Imagen-de-WhatsApp-2025-05-20-a-las-18.26.03_7acbbe31.jpg","contentUrl":"\/wp-content\/uploads\/2025\/05\/Imagen-de-WhatsApp-2025-05-20-a-las-18.26.03_7acbbe31.jpg","width":1528,"height":1528,"caption":"Jornada COELL"},{"@type":"BreadcrumbList","@id":"https:\/\/www.laescueladelagua.com\/en\/la-escuela-del-agua-de-agbar-presenta-su-modelo-de-acreditacion-masiva\/#breadcrumb","itemListElement":[{"@type":"ListItem","position":1,"name":"Home","item":"https:\/\/www.laescueladelagua.com\/"},{"@type":"ListItem","position":2,"name":"La Escuela del Agua de Agbar presenta su modelo de acreditaci\u00f3n masiva"}]},{"@type":"WebSite","@id":"https:\/\/www.laescueladelagua.com\/#website","url":"https:\/\/www.laescueladelagua.com\/","name":"Escuela del agua","description":"","publisher":{"@id":"https:\/\/www.laescueladelagua.com\/#organization"},"potentialAction":[{"@type":"SearchAction","target":{"@type":"EntryPoint","urlTemplate":"https:\/\/www.laescueladelagua.com\/?s={search_term_string}"},"query-input":{"@type":"PropertyValueSpecification","valueRequired":true,"valueName":"search_term_string"}}],"inLanguage":"en-US"},{"@type":"Organization","@id":"https:\/\/www.laescueladelagua.com\/#organization","name":"Escuela del agua","url":"https:\/\/www.laescueladelagua.com\/","logo":{"@type":"ImageObject","inLanguage":"en-US","@id":"https:\/\/www.laescueladelagua.com\/#\/schema\/logo\/image\/","url":"\/wp-content\/uploads\/2023\/08\/logo_EscueladelAgua_mod.1.1_150px.png","contentUrl":"\/wp-content\/uploads\/2023\/08\/logo_EscueladelAgua_mod.1.1_150px.png","width":150,"height":90,"caption":"Escuela del agua"},"image":{"@id":"https:\/\/www.laescueladelagua.com\/#\/schema\/logo\/image\/"}},{"@type":"Person","@id":"https:\/\/www.laescueladelagua.com\/#\/schema\/person\/2ef62850d0c872a47ffe56f15c22323c","name":"william-jose.moreno","image":{"@type":"ImageObject","inLanguage":"en-US","@id":"https:\/\/www.laescueladelagua.com\/#\/schema\/person\/image\/","url":"https:\/\/secure.gravatar.com\/avatar\/f4016a09806c3bffd47afd9693b0eb27?s=96&d=mm&r=g","contentUrl":"https:\/\/secure.gravatar.com\/avatar\/f4016a09806c3bffd47afd9693b0eb27?s=96&d=mm&r=g","caption":"william-jose.moreno"},"url":"https:\/\/www.laescueladelagua.com\/en\/author\/william-jose-moreno\/"}]}},"meta_box":[],"_links":{"self":[{"href":"https:\/\/www.laescueladelagua.com\/en\/wp-json\/wp\/v2\/posts\/4239","targetHints":{"allow":["GET"]}}],"collection":[{"href":"https:\/\/www.laescueladelagua.com\/en\/wp-json\/wp\/v2\/posts"}],"about":[{"href":"https:\/\/www.laescueladelagua.com\/en\/wp-json\/wp\/v2\/types\/post"}],"author":[{"embeddable":true,"href":"https:\/\/www.laescueladelagua.com\/en\/wp-json\/wp\/v2\/users\/14"}],"replies":[{"embeddable":true,"href":"https:\/\/www.laescueladelagua.com\/en\/wp-json\/wp\/v2\/comments?post=4239"}],"version-history":[{"count":3,"href":"https:\/\/www.laescueladelagua.com\/en\/wp-json\/wp\/v2\/posts\/4239\/revisions"}],"predecessor-version":[{"id":4245,"href":"https:\/\/www.laescueladelagua.com\/en\/wp-json\/wp\/v2\/posts\/4239\/revisions\/4245"}],"wp:featuredmedia":[{"embeddable":true,"href":"https:\/\/www.laescueladelagua.com\/en\/wp-json\/wp\/v2\/media\/4240"}],"wp:attachment":[{"href":"https:\/\/www.laescueladelagua.com\/en\/wp-json\/wp\/v2\/media?parent=4239"}],"wp:term":[{"taxonomy":"category","embeddable":true,"href":"https:\/\/www.laescueladelagua.com\/en\/wp-json\/wp\/v2\/categories?post=4239"},{"taxonomy":"post_tag","embeddable":true,"href":"https:\/\/www.laescueladelagua.com\/en\/wp-json\/wp\/v2\/tags?post=4239"}],"curies":[{"name":"wp","href":"https:\/\/api.w.org\/{rel}","templated":true}]}}