{"id":4270,"date":"2025-06-05T07:37:52","date_gmt":"2025-06-05T07:37:52","guid":{"rendered":"https:\/\/www.laescueladelagua.com\/?p=4270"},"modified":"2025-06-05T07:45:32","modified_gmt":"2025-06-05T07:45:32","slug":"celebramos-el-dia-mundial-del-medio-ambiente","status":"publish","type":"post","link":"https:\/\/www.laescueladelagua.com\/en\/celebramos-el-dia-mundial-del-medio-ambiente\/","title":{"rendered":"Celebramos el d\u00eda mundial del medio ambiente"},"content":{"rendered":"<p>Hoy, 5 de junio, celebramos el D\u00eda Mundial del Medio Ambiente, una fecha clave para recordar la urgencia de actuar frente a los retos ambientales que enfrentamos como sociedad. Desde la Escuela del Agua, nos sumamos con el firme compromiso de contribuir a trav\u00e9s de la educaci\u00f3n y la sensibilizaci\u00f3n.<\/p>\n<p>Contamos con una amplia red de educadores y educadoras ambientales distribuidos por todo el territorio, que desarrollan, gestionan y dinamizan actividades con un objetivo com\u00fan: promover una ciudadan\u00eda m\u00e1s consciente y comprometida con el medio ambiente.<\/p>\n<p>&nbsp;<\/p>\n<h4>\u00bfQu\u00e9 estamos haciendo?<\/h4>\n<p>&nbsp;<\/p>\n<p><span style=\"font-weight: 400;\">Nos desplazamos a Suria, donde Julia Agull\u00f3, educadora ambiental, gu\u00eda a alumnos y alumnas de diferentes centros por la exposici\u00f3n <\/span><i><span style=\"font-weight: 400;\">Operaci\u00f3n del Agua<\/span><\/i><span style=\"font-weight: 400;\">. A trav\u00e9s de esta actividad, el alumnado descubre el valor del agua como recurso natural, c\u00f3mo AGBAR realiza una gesti\u00f3n sostenible del mismo y adquieren herramientas para involucrarse activamente en su protecci\u00f3n.<\/span><b><br \/>\n<\/b><span style=\"font-weight: 400;\"> En Navarra, el equipo formado por Naiara Gorostidi, Irune Muruzabal y Garazi Hariko lleva toda la semana realizando actividades para todas las edades. Estas acciones forman parte del programa educativo de NILSA, cuyo objetivo es sensibilizar a la poblaci\u00f3n sobre la importancia de la gesti\u00f3n sostenible del agua.<\/span><span style=\"font-weight: 400;\"><br \/>\n<\/span><span style=\"font-weight: 400;\">Tambi\u00e9n en Navarra, dentro del programa <\/span><i><span style=\"font-weight: 400;\">Artikutza Natura<\/span><\/i><span style=\"font-weight: 400;\"> del Ayuntamiento de Donostia \/ San Sebasti\u00e1n, Eire Ruiz realiza recorridos interpretados por los bosques, valles y regatas de la zona. Estos paisajes albergan una biodiversidad protegida, y mediante el conocimiento del medio, los participantes comprenden el valor de conservar espacios naturales como Artikutza, clave para hacer frente a la crisis ambiental.<\/span><\/p>\n<p><span style=\"font-weight: 400;\">En el marco del programa de Servicios Educativos de AGBAR, Chiara Del Pinto acompa\u00f1a al alumnado en una visita a la planta de tratamiento de agua potable de Martorell. Esta es solo una de las m\u00faltiples actividades del programa, que tambi\u00e9n incluye iniciativas como <\/span><i><span style=\"font-weight: 400;\">Aqualogy<\/span><\/i><span style=\"font-weight: 400;\">, <\/span><i><span style=\"font-weight: 400;\">Residuos con arte, arte con residuos<\/span><\/i><span style=\"font-weight: 400;\">, <\/span><i><span style=\"font-weight: 400;\">Cuentos del agua<\/span><\/i><span style=\"font-weight: 400;\"> y muchas m\u00e1s.<\/span><\/p>\n<p><span style=\"font-weight: 400;\">Adem\u00e1s, gracias a las concesionarias de agua locales, disponemos de educadores y educadoras formadas para desarrollar <\/span><i><span style=\"font-weight: 400;\">Aqualogy<\/span><\/i><span style=\"font-weight: 400;\">, el programa de educaci\u00f3n ambiental sobre el agua dirigido a estudiantes de primaria que el a\u00f1o pasado cumpli\u00f3 <a href=\"https:\/\/www.agbar.es\/programa-escolar-concienciacion-ambiental-aqualogia-10-anos\/\">10 a\u00f1os<\/a>. Durante las sesiones, los ni\u00f1os y ni\u00f1as aprenden sobre el ciclo integral del agua y descubren, mediante retos, c\u00f3mo proteger este recurso esencial.<\/span><\/p>\n<p><span style=\"font-weight: 400;\">Desde la Escuela del Agua integramos la sostenibilidad en todas nuestras formaciones, convencidos de que solo a trav\u00e9s del conocimiento y la acci\u00f3n colectiva podremos afrontar los desaf\u00edos del presente y construir un futuro m\u00e1s sostenible.<\/span><\/p>\n<p><span style=\"font-weight: 400;\">\u00bfQuieres saber m\u00e1s sobre nuestras iniciativas? Consulta nuestro cat\u00e1logo digital de educaci\u00f3n ambiental <a href=\"https:\/\/www.laescueladelagua.com\/en\/categoria-programa\/actividades-educacion-ambiental\/\">here<\/a>.<\/span><\/p>","protected":false},"excerpt":{"rendered":"<p>Hoy, 5 de junio, celebramos el D\u00eda Mundial del Medio Ambiente, una fecha clave para recordar la urgencia de actuar frente a los retos ambientales que enfrentamos como sociedad. Desde la Escuela del Agua, nos sumamos con el firme compromiso de contribuir a trav\u00e9s de la educaci\u00f3n y la sensibilizaci\u00f3n. Contamos con una amplia red [&hellip;]<\/p>","protected":false},"author":14,"featured_media":4272,"comment_status":"open","ping_status":"open","sticky":false,"template":"","format":"standard","meta":{"footnotes":""},"categories":[51],"tags":[],"class_list":["post-4270","post","type-post","status-publish","format-standard","has-post-thumbnail","hentry","category-educacion-ambiental"],"yoast_head":"<!-- This site is optimized with the Yoast SEO plugin v24.5 - https:\/\/yoast.com\/wordpress\/plugins\/seo\/ -->\r\n<title>Celebramos el d\u00eda mundial del medio ambiente - Escuela del agua<\/title>\r\n<meta name=\"description\" content=\"Celebramos el d\u00eda mundial del medio ambiente. Una fecha clave para recordar la urgencia de actuar frente a los retos ambientales que enfrentamos como sociedad. Desde la Escuela del Agua, nos sumamos con el firme compromiso de contribuir a trav\u00e9s de la educaci\u00f3n y la sensibilizaci\u00f3n.\" \/>\r\n<meta name=\"robots\" content=\"index, follow, max-snippet:-1, max-image-preview:large, max-video-preview:-1\" \/>\r\n<link rel=\"canonical\" href=\"https:\/\/www.laescueladelagua.com\/en\/celebramos-el-dia-mundial-del-medio-ambiente\/\" \/>\r\n<meta property=\"og:locale\" content=\"en_US\" \/>\r\n<meta property=\"og:type\" content=\"article\" \/>\r\n<meta property=\"og:title\" content=\"Celebramos el d\u00eda mundial del medio ambiente - Escuela del agua\" \/>\r\n<meta property=\"og:description\" content=\"Celebramos el d\u00eda mundial del medio ambiente. Una fecha clave para recordar la urgencia de actuar frente a los retos ambientales que enfrentamos como sociedad. Desde la Escuela del Agua, nos sumamos con el firme compromiso de contribuir a trav\u00e9s de la educaci\u00f3n y la sensibilizaci\u00f3n.\" \/>\r\n<meta property=\"og:url\" content=\"https:\/\/www.laescueladelagua.com\/en\/celebramos-el-dia-mundial-del-medio-ambiente\/\" \/>\r\n<meta property=\"og:site_name\" content=\"Escuela del agua\" \/>\r\n<meta property=\"article:published_time\" content=\"2025-06-05T07:37:52+00:00\" \/>\r\n<meta property=\"article:modified_time\" content=\"2025-06-05T07:45:32+00:00\" \/>\r\n<meta property=\"og:image\" content=\"https:\/\/www.laescueladelagua.com\/wp-content\/uploads\/2025\/06\/Dia-mundial-medio-ambiente.jpg\" \/>\r\n\t<meta property=\"og:image:width\" content=\"512\" \/>\r\n\t<meta property=\"og:image:height\" content=\"386\" \/>\r\n\t<meta property=\"og:image:type\" content=\"image\/jpeg\" \/>\r\n<meta name=\"author\" content=\"william-jose.moreno\" \/>\r\n<meta name=\"twitter:card\" content=\"summary_large_image\" \/>\r\n<meta name=\"twitter:label1\" content=\"Written by\" \/>\n\t<meta name=\"twitter:data1\" content=\"william-jose.moreno\" \/>\n\t<meta name=\"twitter:label2\" content=\"Est. reading time\" \/>\n\t<meta name=\"twitter:data2\" content=\"3 minutes\" \/>\r\n<script type=\"application\/ld+json\" class=\"yoast-schema-graph\">{\"@context\":\"https:\/\/schema.org\",\"@graph\":[{\"@type\":\"Article\",\"@id\":\"https:\/\/www.laescueladelagua.com\/ca\/celebramos-el-dia-mundial-del-medio-ambiente\/#article\",\"isPartOf\":{\"@id\":\"https:\/\/www.laescueladelagua.com\/ca\/celebramos-el-dia-mundial-del-medio-ambiente\/\"},\"author\":{\"name\":\"william-jose.moreno\",\"@id\":\"https:\/\/wapwebedapro01.azurewebsites.net\/#\/schema\/person\/2ef62850d0c872a47ffe56f15c22323c\"},\"headline\":\"Celebramos el d\u00eda mundial del medio ambiente\",\"datePublished\":\"2025-06-05T07:37:52+00:00\",\"dateModified\":\"2025-06-05T07:45:32+00:00\",\"mainEntityOfPage\":{\"@id\":\"https:\/\/www.laescueladelagua.com\/ca\/celebramos-el-dia-mundial-del-medio-ambiente\/\"},\"wordCount\":464,\"commentCount\":0,\"publisher\":{\"@id\":\"https:\/\/wapwebedapro01.azurewebsites.net\/#organization\"},\"image\":{\"@id\":\"https:\/\/www.laescueladelagua.com\/ca\/celebramos-el-dia-mundial-del-medio-ambiente\/#primaryimage\"},\"thumbnailUrl\":\"\/wp-content\/uploads\/2025\/06\/Dia-mundial-medio-ambiente.jpg\",\"articleSection\":[\"Educaci\u00f3n ambiental\"],\"inLanguage\":\"en-US\",\"potentialAction\":[{\"@type\":\"CommentAction\",\"name\":\"Comment\",\"target\":[\"https:\/\/www.laescueladelagua.com\/ca\/celebramos-el-dia-mundial-del-medio-ambiente\/#respond\"]}]},{\"@type\":\"WebPage\",\"@id\":\"https:\/\/www.laescueladelagua.com\/ca\/celebramos-el-dia-mundial-del-medio-ambiente\/\",\"url\":\"https:\/\/www.laescueladelagua.com\/ca\/celebramos-el-dia-mundial-del-medio-ambiente\/\",\"name\":\"Celebramos el d\u00eda mundial del medio ambiente - Escuela del agua\",\"isPartOf\":{\"@id\":\"https:\/\/wapwebedapro01.azurewebsites.net\/#website\"},\"primaryImageOfPage\":{\"@id\":\"https:\/\/www.laescueladelagua.com\/ca\/celebramos-el-dia-mundial-del-medio-ambiente\/#primaryimage\"},\"image\":{\"@id\":\"https:\/\/www.laescueladelagua.com\/ca\/celebramos-el-dia-mundial-del-medio-ambiente\/#primaryimage\"},\"thumbnailUrl\":\"\/wp-content\/uploads\/2025\/06\/Dia-mundial-medio-ambiente.jpg\",\"datePublished\":\"2025-06-05T07:37:52+00:00\",\"dateModified\":\"2025-06-05T07:45:32+00:00\",\"description\":\"Celebramos el d\u00eda mundial del medio ambiente. Una fecha clave para recordar la urgencia de actuar frente a los retos ambientales que enfrentamos como sociedad. Desde la Escuela del Agua, nos sumamos con el firme compromiso de contribuir a trav\u00e9s de la educaci\u00f3n y la sensibilizaci\u00f3n.\",\"breadcrumb\":{\"@id\":\"https:\/\/www.laescueladelagua.com\/ca\/celebramos-el-dia-mundial-del-medio-ambiente\/#breadcrumb\"},\"inLanguage\":\"en-US\",\"potentialAction\":[{\"@type\":\"ReadAction\",\"target\":[\"https:\/\/www.laescueladelagua.com\/ca\/celebramos-el-dia-mundial-del-medio-ambiente\/\"]}]},{\"@type\":\"ImageObject\",\"inLanguage\":\"en-US\",\"@id\":\"https:\/\/www.laescueladelagua.com\/ca\/celebramos-el-dia-mundial-del-medio-ambiente\/#primaryimage\",\"url\":\"\/wp-content\/uploads\/2025\/06\/Dia-mundial-medio-ambiente.jpg\",\"contentUrl\":\"\/wp-content\/uploads\/2025\/06\/Dia-mundial-medio-ambiente.jpg\",\"width\":512,\"height\":386},{\"@type\":\"BreadcrumbList\",\"@id\":\"https:\/\/www.laescueladelagua.com\/ca\/celebramos-el-dia-mundial-del-medio-ambiente\/#breadcrumb\",\"itemListElement\":[{\"@type\":\"ListItem\",\"position\":1,\"name\":\"Home\",\"item\":\"https:\/\/wapwebedapro01.azurewebsites.net\/\"},{\"@type\":\"ListItem\",\"position\":2,\"name\":\"Celebramos el d\u00eda mundial del medio ambiente\"}]},{\"@type\":\"WebSite\",\"@id\":\"https:\/\/wapwebedapro01.azurewebsites.net\/#website\",\"url\":\"https:\/\/wapwebedapro01.azurewebsites.net\/\",\"name\":\"Escuela del agua\",\"description\":\"\",\"publisher\":{\"@id\":\"https:\/\/wapwebedapro01.azurewebsites.net\/#organization\"},\"potentialAction\":[{\"@type\":\"SearchAction\",\"target\":{\"@type\":\"EntryPoint\",\"urlTemplate\":\"https:\/\/wapwebedapro01.azurewebsites.net\/?s={search_term_string}\"},\"query-input\":{\"@type\":\"PropertyValueSpecification\",\"valueRequired\":true,\"valueName\":\"search_term_string\"}}],\"inLanguage\":\"en-US\"},{\"@type\":\"Organization\",\"@id\":\"https:\/\/wapwebedapro01.azurewebsites.net\/#organization\",\"name\":\"Escuela del agua\",\"url\":\"https:\/\/wapwebedapro01.azurewebsites.net\/\",\"logo\":{\"@type\":\"ImageObject\",\"inLanguage\":\"en-US\",\"@id\":\"https:\/\/wapwebedapro01.azurewebsites.net\/#\/schema\/logo\/image\/\",\"url\":\"\/wp-content\/uploads\/2023\/08\/logo_EscueladelAgua_mod.1.1_150px.png\",\"contentUrl\":\"\/wp-content\/uploads\/2023\/08\/logo_EscueladelAgua_mod.1.1_150px.png\",\"width\":150,\"height\":90,\"caption\":\"Escuela del agua\"},\"image\":{\"@id\":\"https:\/\/wapwebedapro01.azurewebsites.net\/#\/schema\/logo\/image\/\"}},{\"@type\":\"Person\",\"@id\":\"https:\/\/wapwebedapro01.azurewebsites.net\/#\/schema\/person\/2ef62850d0c872a47ffe56f15c22323c\",\"name\":\"william-jose.moreno\",\"image\":{\"@type\":\"ImageObject\",\"inLanguage\":\"en-US\",\"@id\":\"https:\/\/wapwebedapro01.azurewebsites.net\/#\/schema\/person\/image\/\",\"url\":\"https:\/\/secure.gravatar.com\/avatar\/f4016a09806c3bffd47afd9693b0eb27?s=96&d=mm&r=g\",\"contentUrl\":\"https:\/\/secure.gravatar.com\/avatar\/f4016a09806c3bffd47afd9693b0eb27?s=96&d=mm&r=g\",\"caption\":\"william-jose.moreno\"},\"url\":\"https:\/\/www.laescueladelagua.com\/en\/author\/william-jose-moreno\/\"}]}<\/script>\r\n<!-- \/ Yoast SEO plugin. -->","yoast_head_json":{"title":"Celebramos el d\u00eda mundial del medio ambiente - Escuela del agua","description":"Celebramos el d\u00eda mundial del medio ambiente. Una fecha clave para recordar la urgencia de actuar frente a los retos ambientales que enfrentamos como sociedad. Desde la Escuela del Agua, nos sumamos con el firme compromiso de contribuir a trav\u00e9s de la educaci\u00f3n y la sensibilizaci\u00f3n.","robots":{"index":"index","follow":"follow","max-snippet":"max-snippet:-1","max-image-preview":"max-image-preview:large","max-video-preview":"max-video-preview:-1"},"canonical":"https:\/\/www.laescueladelagua.com\/en\/celebramos-el-dia-mundial-del-medio-ambiente\/","og_locale":"en_US","og_type":"article","og_title":"Celebramos el d\u00eda mundial del medio ambiente - Escuela del agua","og_description":"Celebramos el d\u00eda mundial del medio ambiente. Una fecha clave para recordar la urgencia de actuar frente a los retos ambientales que enfrentamos como sociedad. Desde la Escuela del Agua, nos sumamos con el firme compromiso de contribuir a trav\u00e9s de la educaci\u00f3n y la sensibilizaci\u00f3n.","og_url":"https:\/\/www.laescueladelagua.com\/en\/celebramos-el-dia-mundial-del-medio-ambiente\/","og_site_name":"Escuela del agua","article_published_time":"2025-06-05T07:37:52+00:00","article_modified_time":"2025-06-05T07:45:32+00:00","og_image":[{"width":512,"height":386,"url":"https:\/\/www.laescueladelagua.com\/wp-content\/uploads\/2025\/06\/Dia-mundial-medio-ambiente.jpg","type":"image\/jpeg"}],"author":"william-jose.moreno","twitter_card":"summary_large_image","twitter_misc":{"Written by":"william-jose.moreno","Est. reading time":"3 minutes"},"schema":{"@context":"https:\/\/schema.org","@graph":[{"@type":"Article","@id":"https:\/\/www.laescueladelagua.com\/ca\/celebramos-el-dia-mundial-del-medio-ambiente\/#article","isPartOf":{"@id":"https:\/\/www.laescueladelagua.com\/ca\/celebramos-el-dia-mundial-del-medio-ambiente\/"},"author":{"name":"william-jose.moreno","@id":"https:\/\/wapwebedapro01.azurewebsites.net\/#\/schema\/person\/2ef62850d0c872a47ffe56f15c22323c"},"headline":"Celebramos el d\u00eda mundial del medio ambiente","datePublished":"2025-06-05T07:37:52+00:00","dateModified":"2025-06-05T07:45:32+00:00","mainEntityOfPage":{"@id":"https:\/\/www.laescueladelagua.com\/ca\/celebramos-el-dia-mundial-del-medio-ambiente\/"},"wordCount":464,"commentCount":0,"publisher":{"@id":"https:\/\/wapwebedapro01.azurewebsites.net\/#organization"},"image":{"@id":"https:\/\/www.laescueladelagua.com\/ca\/celebramos-el-dia-mundial-del-medio-ambiente\/#primaryimage"},"thumbnailUrl":"\/wp-content\/uploads\/2025\/06\/Dia-mundial-medio-ambiente.jpg","articleSection":["Educaci\u00f3n ambiental"],"inLanguage":"en-US","potentialAction":[{"@type":"CommentAction","name":"Comment","target":["https:\/\/www.laescueladelagua.com\/ca\/celebramos-el-dia-mundial-del-medio-ambiente\/#respond"]}]},{"@type":"WebPage","@id":"https:\/\/www.laescueladelagua.com\/ca\/celebramos-el-dia-mundial-del-medio-ambiente\/","url":"https:\/\/www.laescueladelagua.com\/ca\/celebramos-el-dia-mundial-del-medio-ambiente\/","name":"Celebramos el d\u00eda mundial del medio ambiente - Escuela del agua","isPartOf":{"@id":"https:\/\/wapwebedapro01.azurewebsites.net\/#website"},"primaryImageOfPage":{"@id":"https:\/\/www.laescueladelagua.com\/ca\/celebramos-el-dia-mundial-del-medio-ambiente\/#primaryimage"},"image":{"@id":"https:\/\/www.laescueladelagua.com\/ca\/celebramos-el-dia-mundial-del-medio-ambiente\/#primaryimage"},"thumbnailUrl":"\/wp-content\/uploads\/2025\/06\/Dia-mundial-medio-ambiente.jpg","datePublished":"2025-06-05T07:37:52+00:00","dateModified":"2025-06-05T07:45:32+00:00","description":"Celebramos el d\u00eda mundial del medio ambiente. Una fecha clave para recordar la urgencia de actuar frente a los retos ambientales que enfrentamos como sociedad. Desde la Escuela del Agua, nos sumamos con el firme compromiso de contribuir a trav\u00e9s de la educaci\u00f3n y la sensibilizaci\u00f3n.","breadcrumb":{"@id":"https:\/\/www.laescueladelagua.com\/ca\/celebramos-el-dia-mundial-del-medio-ambiente\/#breadcrumb"},"inLanguage":"en-US","potentialAction":[{"@type":"ReadAction","target":["https:\/\/www.laescueladelagua.com\/ca\/celebramos-el-dia-mundial-del-medio-ambiente\/"]}]},{"@type":"ImageObject","inLanguage":"en-US","@id":"https:\/\/www.laescueladelagua.com\/ca\/celebramos-el-dia-mundial-del-medio-ambiente\/#primaryimage","url":"\/wp-content\/uploads\/2025\/06\/Dia-mundial-medio-ambiente.jpg","contentUrl":"\/wp-content\/uploads\/2025\/06\/Dia-mundial-medio-ambiente.jpg","width":512,"height":386},{"@type":"BreadcrumbList","@id":"https:\/\/www.laescueladelagua.com\/ca\/celebramos-el-dia-mundial-del-medio-ambiente\/#breadcrumb","itemListElement":[{"@type":"ListItem","position":1,"name":"Home","item":"https:\/\/wapwebedapro01.azurewebsites.net\/"},{"@type":"ListItem","position":2,"name":"Celebramos el d\u00eda mundial del medio ambiente"}]},{"@type":"WebSite","@id":"https:\/\/wapwebedapro01.azurewebsites.net\/#website","url":"https:\/\/wapwebedapro01.azurewebsites.net\/","name":"Escuela del agua","description":"","publisher":{"@id":"https:\/\/wapwebedapro01.azurewebsites.net\/#organization"},"potentialAction":[{"@type":"SearchAction","target":{"@type":"EntryPoint","urlTemplate":"https:\/\/wapwebedapro01.azurewebsites.net\/?s={search_term_string}"},"query-input":{"@type":"PropertyValueSpecification","valueRequired":true,"valueName":"search_term_string"}}],"inLanguage":"en-US"},{"@type":"Organization","@id":"https:\/\/wapwebedapro01.azurewebsites.net\/#organization","name":"Escuela del agua","url":"https:\/\/wapwebedapro01.azurewebsites.net\/","logo":{"@type":"ImageObject","inLanguage":"en-US","@id":"https:\/\/wapwebedapro01.azurewebsites.net\/#\/schema\/logo\/image\/","url":"\/wp-content\/uploads\/2023\/08\/logo_EscueladelAgua_mod.1.1_150px.png","contentUrl":"\/wp-content\/uploads\/2023\/08\/logo_EscueladelAgua_mod.1.1_150px.png","width":150,"height":90,"caption":"Escuela del agua"},"image":{"@id":"https:\/\/wapwebedapro01.azurewebsites.net\/#\/schema\/logo\/image\/"}},{"@type":"Person","@id":"https:\/\/wapwebedapro01.azurewebsites.net\/#\/schema\/person\/2ef62850d0c872a47ffe56f15c22323c","name":"william-jose.moreno","image":{"@type":"ImageObject","inLanguage":"en-US","@id":"https:\/\/wapwebedapro01.azurewebsites.net\/#\/schema\/person\/image\/","url":"https:\/\/secure.gravatar.com\/avatar\/f4016a09806c3bffd47afd9693b0eb27?s=96&d=mm&r=g","contentUrl":"https:\/\/secure.gravatar.com\/avatar\/f4016a09806c3bffd47afd9693b0eb27?s=96&d=mm&r=g","caption":"william-jose.moreno"},"url":"https:\/\/www.laescueladelagua.com\/en\/author\/william-jose-moreno\/"}]}},"meta_box":[],"_links":{"self":[{"href":"https:\/\/www.laescueladelagua.com\/en\/wp-json\/wp\/v2\/posts\/4270","targetHints":{"allow":["GET"]}}],"collection":[{"href":"https:\/\/www.laescueladelagua.com\/en\/wp-json\/wp\/v2\/posts"}],"about":[{"href":"https:\/\/www.laescueladelagua.com\/en\/wp-json\/wp\/v2\/types\/post"}],"author":[{"embeddable":true,"href":"https:\/\/www.laescueladelagua.com\/en\/wp-json\/wp\/v2\/users\/14"}],"replies":[{"embeddable":true,"href":"https:\/\/www.laescueladelagua.com\/en\/wp-json\/wp\/v2\/comments?post=4270"}],"version-history":[{"count":1,"href":"https:\/\/www.laescueladelagua.com\/en\/wp-json\/wp\/v2\/posts\/4270\/revisions"}],"predecessor-version":[{"id":4271,"href":"https:\/\/www.laescueladelagua.com\/en\/wp-json\/wp\/v2\/posts\/4270\/revisions\/4271"}],"wp:featuredmedia":[{"embeddable":true,"href":"https:\/\/www.laescueladelagua.com\/en\/wp-json\/wp\/v2\/media\/4272"}],"wp:attachment":[{"href":"https:\/\/www.laescueladelagua.com\/en\/wp-json\/wp\/v2\/media?parent=4270"}],"wp:term":[{"taxonomy":"category","embeddable":true,"href":"https:\/\/www.laescueladelagua.com\/en\/wp-json\/wp\/v2\/categories?post=4270"},{"taxonomy":"post_tag","embeddable":true,"href":"https:\/\/www.laescueladelagua.com\/en\/wp-json\/wp\/v2\/tags?post=4270"}],"curies":[{"name":"wp","href":"https:\/\/api.w.org\/{rel}","templated":true}]}}