{"id":4285,"date":"2025-06-26T07:55:49","date_gmt":"2025-06-26T07:55:49","guid":{"rendered":"https:\/\/www.laescueladelagua.com\/?p=4285"},"modified":"2025-06-26T07:55:49","modified_gmt":"2025-06-26T07:55:49","slug":"congreso-tecnico-de-orientacion-profesional","status":"publish","type":"post","link":"https:\/\/www.laescueladelagua.com\/en\/congreso-tecnico-de-orientacion-profesional\/","title":{"rendered":"Participamos en el Congreso T\u00e9cnico de Orientaci\u00f3n Profesional de Barcelona"},"content":{"rendered":"<p><em>La Escuela del Agua de Veolia participa activamente en el Congreso T\u00e9cnico de Orientaci\u00f3n Profesional de Barcelona, celebrado el jueves en el DHub de Barcelona y organizado por <a href=\"https:\/\/treball.barcelonactiva.cat\/ca\/web\/treball\/congres-tecnic-orientacio-professional-barcelona\">Barcelona Activa<\/a>, donde se agotaron las 300 plazas disponibles.<\/em><\/p>\n<p><span style=\"font-weight: 400;\">Durante el congreso, la Escuela del Agua particip\u00f3 en la mesa redonda sobre \u201cFP Dual miradas desde el aula y la empresa\u201d, compartiendo su trayectoria pionera en FP Dual y aportando su visi\u00f3n sobre los perfiles profesionales m\u00e1s demandados en el contexto de la transici\u00f3n ecol\u00f3gica y digital.<\/span><\/p>\n<p><span style=\"font-weight: 400;\">\u201cDesde 2012, impulsamos la FP Dual del agua en colaboraci\u00f3n con administraciones y centros educativos, estando hoy presente en 17 centros de 8 comunidades aut\u00f3nomas. Energ\u00eda y agua es el sector l\u00edder en inserci\u00f3n de FP con un 74% seg\u00fan el informe del Observatorio de la Formaci\u00f3n Profesional en Espa\u00f1a publicado en diciembre del 2024, Por ello impulsamos acciones de sensibilizaci\u00f3n y visibilizaci\u00f3n de profesiones relacionadas con este elevado \u00edndice de empleabilidad a trav\u00e9s del programa Vocaciones Agua\u201d destac\u00f3 M\u00f3nica P\u00e9rez, Directora Acad\u00e9mica de la Escuela del Agua.<\/span><\/p>\n<p><span style=\"font-weight: 400;\">La apuesta por la FP Dual se fundamenta en tres pilares: empleo de calidad, productividad del sector y colaboraci\u00f3n p\u00fablico-privada, mediante convenios que integran pr\u00e1cticas retribuidas, equipamiento t\u00e9cnico en centros formativos, visitas formativas, participaci\u00f3n de profesionales y proyectos de innovaci\u00f3n educativa. Adem\u00e1s, se subraya la importancia de generar vocaciones entre los j\u00f3venes, que tienden a buscar proyectos con impacto social, pasi\u00f3n y sentido, m\u00e1s all\u00e1 de la estabilidad econ\u00f3mica.<\/span><\/p>\n<h4><span style=\"font-weight: 400;\">Datos de impacto sobre el mercado laboral y el futuro del trabajo<\/span><\/h4>\n<p>&nbsp;<\/p>\n<p><span style=\"font-weight: 400;\">El congreso t\u00e9cnico de\u00a0 orientaci\u00f3n profesional de Barcelona tambi\u00e9n fue escenario de la presentaci\u00f3n del informe \u201cThe Future of Jobs 2025\u201d, expuesto por Sam Grayling, que destac\u00f3 cinco impulsores clave que transformar\u00e1n el mercado laboral hasta 2030: el cambio tecnol\u00f3gico, la transici\u00f3n verde, los cambios demogr\u00e1ficos, la fragmentaci\u00f3n geoecon\u00f3mica y la incertidumbre econ\u00f3mica. El informe se\u00f1al\u00f3 que la principal barrera para la transformaci\u00f3n empresarial es la brecha de habilidades, y que uno de cada dos empleadores planea reorientar su negocio en respuesta al avance de la inteligencia artificial. Adem\u00e1s, se prev\u00e9 un crecimiento neto del 7% en el empleo global en este horizonte.<\/span><\/p>\n<h4><span style=\"font-weight: 400;\">Contexto econ\u00f3mico y oportunidades en Barcelona<\/span><\/h4>\n<p>&nbsp;<\/p>\n<p><span style=\"font-weight: 400;\">\u00c0ngels Santigosa, responsable del Departamento de Estudios de la Gerencia de Econom\u00eda del Ayuntamiento de Barcelona, present\u00f3 una panor\u00e1mica optimista del mercado laboral en Barcelona, con un crecimiento del PIB del 3,8% en 2024 y un r\u00e9cord hist\u00f3rico de empleo en mayo de 2025. La ciudad registra una tasa de paro del 7%, por debajo de la media catalana y espa\u00f1ola. Tambi\u00e9n destac\u00f3 la fuerte relaci\u00f3n entre formaci\u00f3n, ocupaci\u00f3n y salario, as\u00ed como el papel clave de sectores estrat\u00e9gicos como las TIC, la econom\u00eda verde y azul, el turismo y el deporte. En Catalu\u00f1a, se prev\u00e9 la incorporaci\u00f3n de 19.000 profesionales al sector de las energ\u00edas renovables en los pr\u00f3ximos a\u00f1os.<\/span><\/p>\n<h4><span style=\"font-weight: 400;\">Innovaci\u00f3n, alianzas y formaci\u00f3n alineada al futuro<\/span><\/h4>\n<p>&nbsp;<\/p>\n<p><span style=\"font-weight: 400;\">N\u00faria Vallduriola, directora de Ense\u00f1anzas Postobligatorias del Consorci d\u2019Educaci\u00f3 de Barcelona, subray\u00f3 la necesidad de establecer alianzas entre centros de FP para compartir innovaci\u00f3n, responder a retos reales de aprendizaje y fomentar el job shadowing entre empresas y centros educativos.<\/span><\/p>\n<p><span style=\"font-weight: 400;\">Por su parte, la divulgadora y experta en inteligencia artificial Nerea Luis recalc\u00f3 la importancia de preparar a los j\u00f3venes en alfabetizaci\u00f3n digital, pensamiento computacional y \u00e9tica de la IA, para construir un mercado laboral m\u00e1s justo, inclusivo y tecnol\u00f3gicamente avanzado.<\/span><\/p>\n<p><span style=\"font-weight: 400;\">La participaci\u00f3n de la <a href=\"https:\/\/www.laescueladelagua.com\/en\/quienessomos\/\">Escuela del Agua de Veolia<\/a> en este congreso refuerza su papel como motor formativo en el \u00e1mbito del agua, conectando formaci\u00f3n, empleo, sostenibilidad e innovaci\u00f3n en un momento clave para el futuro del mercado laboral. Fiel a su misi\u00f3n de impulsar una formaci\u00f3n vinculada con la realidad empresarial y sostenible, la Escuela del Agua se posiciona como un actor clave en este escenario. Su apuesta por la FP Dual y la transici\u00f3n ecol\u00f3gica contribuye a construir un futuro laboral m\u00e1s inclusivo, verde y preparado para la era digital.<\/span><\/p>","protected":false},"excerpt":{"rendered":"<p>La Escuela del Agua de Veolia participa activamente en el Congreso T\u00e9cnico de Orientaci\u00f3n Profesional de Barcelona, celebrado el jueves en el DHub de Barcelona y organizado por Barcelona Activa, donde se agotaron las 300 plazas disponibles. Durante el congreso, la Escuela del Agua particip\u00f3 en la mesa redonda sobre \u201cFP Dual miradas desde el [&hellip;]<\/p>","protected":false},"author":14,"featured_media":4292,"comment_status":"open","ping_status":"open","sticky":false,"template":"","format":"standard","meta":{"footnotes":""},"categories":[149],"tags":[],"class_list":["post-4285","post","type-post","status-publish","format-standard","has-post-thumbnail","hentry","category-orientacion-profesional"],"yoast_head":"<!-- This site is optimized with the Yoast SEO plugin v24.5 - https:\/\/yoast.com\/wordpress\/plugins\/seo\/ -->\r\n<title>Participamos en el Congreso T\u00e9cnico de Orientaci\u00f3n Profesional de Barcelona - Escuela del agua<\/title>\r\n<meta name=\"description\" content=\"Participamos en el Congreso T\u00e9cnico de Orientaci\u00f3n Profesional de Barcelona - La Escuela del Agua de Veolia participa activamente en el Congreso T\u00e9cnico de Orientaci\u00f3n Profesional de Barcelona, celebrado el jueves en el DHub de Barcelona y organizado por Barcelona Activa, donde se agotaron las 300 plazas disponibles. Datos de impacto sobre el mercado laboral y el futuro del trabajo, Innovaci\u00f3n, alianzas y formaci\u00f3n alineada al futuro.\" \/>\r\n<meta name=\"robots\" content=\"index, follow, max-snippet:-1, max-image-preview:large, max-video-preview:-1\" \/>\r\n<link rel=\"canonical\" href=\"https:\/\/www.laescueladelagua.com\/en\/congreso-tecnico-de-orientacion-profesional\/\" \/>\r\n<meta property=\"og:locale\" content=\"en_US\" \/>\r\n<meta property=\"og:type\" content=\"article\" \/>\r\n<meta property=\"og:title\" content=\"Participamos en el Congreso T\u00e9cnico de Orientaci\u00f3n Profesional de Barcelona - Escuela del agua\" \/>\r\n<meta property=\"og:description\" content=\"Participamos en el Congreso T\u00e9cnico de Orientaci\u00f3n Profesional de Barcelona - La Escuela del Agua de Veolia participa activamente en el Congreso T\u00e9cnico de Orientaci\u00f3n Profesional de Barcelona, celebrado el jueves en el DHub de Barcelona y organizado por Barcelona Activa, donde se agotaron las 300 plazas disponibles. Datos de impacto sobre el mercado laboral y el futuro del trabajo, Innovaci\u00f3n, alianzas y formaci\u00f3n alineada al futuro.\" \/>\r\n<meta property=\"og:url\" content=\"https:\/\/www.laescueladelagua.com\/en\/congreso-tecnico-de-orientacion-profesional\/\" \/>\r\n<meta property=\"og:site_name\" content=\"Escuela del agua\" \/>\r\n<meta property=\"article:published_time\" content=\"2025-06-26T07:55:49+00:00\" \/>\r\n<meta property=\"og:image\" content=\"https:\/\/www.laescueladelagua.com\/wp-content\/uploads\/2025\/06\/20250619_135324-scaled.jpg\" \/>\r\n\t<meta property=\"og:image:width\" content=\"2560\" \/>\r\n\t<meta property=\"og:image:height\" content=\"1441\" \/>\r\n\t<meta property=\"og:image:type\" content=\"image\/jpeg\" \/>\r\n<meta name=\"author\" content=\"william-jose.moreno\" \/>\r\n<meta name=\"twitter:card\" content=\"summary_large_image\" \/>\r\n<meta name=\"twitter:label1\" content=\"Written by\" \/>\n\t<meta name=\"twitter:data1\" content=\"william-jose.moreno\" \/>\n\t<meta name=\"twitter:label2\" content=\"Est. reading time\" \/>\n\t<meta name=\"twitter:data2\" content=\"4 minutes\" \/>\r\n<script type=\"application\/ld+json\" class=\"yoast-schema-graph\">{\"@context\":\"https:\/\/schema.org\",\"@graph\":[{\"@type\":\"Article\",\"@id\":\"https:\/\/www.laescueladelagua.com\/congreso-tecnico-de-orientacion-profesional\/#article\",\"isPartOf\":{\"@id\":\"https:\/\/www.laescueladelagua.com\/congreso-tecnico-de-orientacion-profesional\/\"},\"author\":{\"name\":\"william-jose.moreno\",\"@id\":\"https:\/\/wapwebedapro01.azurewebsites.net\/#\/schema\/person\/2ef62850d0c872a47ffe56f15c22323c\"},\"headline\":\"Participamos en el Congreso T\u00e9cnico de Orientaci\u00f3n Profesional de Barcelona\",\"datePublished\":\"2025-06-26T07:55:49+00:00\",\"mainEntityOfPage\":{\"@id\":\"https:\/\/www.laescueladelagua.com\/congreso-tecnico-de-orientacion-profesional\/\"},\"wordCount\":735,\"commentCount\":0,\"publisher\":{\"@id\":\"https:\/\/wapwebedapro01.azurewebsites.net\/#organization\"},\"image\":{\"@id\":\"https:\/\/www.laescueladelagua.com\/congreso-tecnico-de-orientacion-profesional\/#primaryimage\"},\"thumbnailUrl\":\"\/wp-content\/uploads\/2025\/06\/20250619_135324-scaled.jpg\",\"articleSection\":[\"Orientaci\u00f3n Profesional\"],\"inLanguage\":\"en-US\",\"potentialAction\":[{\"@type\":\"CommentAction\",\"name\":\"Comment\",\"target\":[\"https:\/\/www.laescueladelagua.com\/congreso-tecnico-de-orientacion-profesional\/#respond\"]}]},{\"@type\":\"WebPage\",\"@id\":\"https:\/\/www.laescueladelagua.com\/congreso-tecnico-de-orientacion-profesional\/\",\"url\":\"https:\/\/www.laescueladelagua.com\/congreso-tecnico-de-orientacion-profesional\/\",\"name\":\"Participamos en el Congreso T\u00e9cnico de Orientaci\u00f3n Profesional de Barcelona - Escuela del agua\",\"isPartOf\":{\"@id\":\"https:\/\/wapwebedapro01.azurewebsites.net\/#website\"},\"primaryImageOfPage\":{\"@id\":\"https:\/\/www.laescueladelagua.com\/congreso-tecnico-de-orientacion-profesional\/#primaryimage\"},\"image\":{\"@id\":\"https:\/\/www.laescueladelagua.com\/congreso-tecnico-de-orientacion-profesional\/#primaryimage\"},\"thumbnailUrl\":\"\/wp-content\/uploads\/2025\/06\/20250619_135324-scaled.jpg\",\"datePublished\":\"2025-06-26T07:55:49+00:00\",\"description\":\"Participamos en el Congreso T\u00e9cnico de Orientaci\u00f3n Profesional de Barcelona - La Escuela del Agua de Veolia participa activamente en el Congreso T\u00e9cnico de Orientaci\u00f3n Profesional de Barcelona, celebrado el jueves en el DHub de Barcelona y organizado por Barcelona Activa, donde se agotaron las 300 plazas disponibles. Datos de impacto sobre el mercado laboral y el futuro del trabajo, Innovaci\u00f3n, alianzas y formaci\u00f3n alineada al futuro.\",\"breadcrumb\":{\"@id\":\"https:\/\/www.laescueladelagua.com\/congreso-tecnico-de-orientacion-profesional\/#breadcrumb\"},\"inLanguage\":\"en-US\",\"potentialAction\":[{\"@type\":\"ReadAction\",\"target\":[\"https:\/\/www.laescueladelagua.com\/congreso-tecnico-de-orientacion-profesional\/\"]}]},{\"@type\":\"ImageObject\",\"inLanguage\":\"en-US\",\"@id\":\"https:\/\/www.laescueladelagua.com\/congreso-tecnico-de-orientacion-profesional\/#primaryimage\",\"url\":\"\/wp-content\/uploads\/2025\/06\/20250619_135324-scaled.jpg\",\"contentUrl\":\"\/wp-content\/uploads\/2025\/06\/20250619_135324-scaled.jpg\",\"width\":2560,\"height\":1441},{\"@type\":\"BreadcrumbList\",\"@id\":\"https:\/\/www.laescueladelagua.com\/congreso-tecnico-de-orientacion-profesional\/#breadcrumb\",\"itemListElement\":[{\"@type\":\"ListItem\",\"position\":1,\"name\":\"Home\",\"item\":\"https:\/\/wapwebedapro01.azurewebsites.net\/\"},{\"@type\":\"ListItem\",\"position\":2,\"name\":\"Participamos en el Congreso T\u00e9cnico de Orientaci\u00f3n Profesional de Barcelona\"}]},{\"@type\":\"WebSite\",\"@id\":\"https:\/\/wapwebedapro01.azurewebsites.net\/#website\",\"url\":\"https:\/\/wapwebedapro01.azurewebsites.net\/\",\"name\":\"Escuela del agua\",\"description\":\"\",\"publisher\":{\"@id\":\"https:\/\/wapwebedapro01.azurewebsites.net\/#organization\"},\"potentialAction\":[{\"@type\":\"SearchAction\",\"target\":{\"@type\":\"EntryPoint\",\"urlTemplate\":\"https:\/\/wapwebedapro01.azurewebsites.net\/?s={search_term_string}\"},\"query-input\":{\"@type\":\"PropertyValueSpecification\",\"valueRequired\":true,\"valueName\":\"search_term_string\"}}],\"inLanguage\":\"en-US\"},{\"@type\":\"Organization\",\"@id\":\"https:\/\/wapwebedapro01.azurewebsites.net\/#organization\",\"name\":\"Escuela del agua\",\"url\":\"https:\/\/wapwebedapro01.azurewebsites.net\/\",\"logo\":{\"@type\":\"ImageObject\",\"inLanguage\":\"en-US\",\"@id\":\"https:\/\/wapwebedapro01.azurewebsites.net\/#\/schema\/logo\/image\/\",\"url\":\"\/wp-content\/uploads\/2023\/08\/logo_EscueladelAgua_mod.1.1_150px.png\",\"contentUrl\":\"\/wp-content\/uploads\/2023\/08\/logo_EscueladelAgua_mod.1.1_150px.png\",\"width\":150,\"height\":90,\"caption\":\"Escuela del agua\"},\"image\":{\"@id\":\"https:\/\/wapwebedapro01.azurewebsites.net\/#\/schema\/logo\/image\/\"}},{\"@type\":\"Person\",\"@id\":\"https:\/\/wapwebedapro01.azurewebsites.net\/#\/schema\/person\/2ef62850d0c872a47ffe56f15c22323c\",\"name\":\"william-jose.moreno\",\"image\":{\"@type\":\"ImageObject\",\"inLanguage\":\"en-US\",\"@id\":\"https:\/\/wapwebedapro01.azurewebsites.net\/#\/schema\/person\/image\/\",\"url\":\"https:\/\/secure.gravatar.com\/avatar\/f4016a09806c3bffd47afd9693b0eb27?s=96&d=mm&r=g\",\"contentUrl\":\"https:\/\/secure.gravatar.com\/avatar\/f4016a09806c3bffd47afd9693b0eb27?s=96&d=mm&r=g\",\"caption\":\"william-jose.moreno\"},\"url\":\"https:\/\/www.laescueladelagua.com\/en\/author\/william-jose-moreno\/\"}]}<\/script>\r\n<!-- \/ Yoast SEO plugin. -->","yoast_head_json":{"title":"Participamos en el Congreso T\u00e9cnico de Orientaci\u00f3n Profesional de Barcelona - Escuela del agua","description":"Participamos en el Congreso T\u00e9cnico de Orientaci\u00f3n Profesional de Barcelona - La Escuela del Agua de Veolia participa activamente en el Congreso T\u00e9cnico de Orientaci\u00f3n Profesional de Barcelona, celebrado el jueves en el DHub de Barcelona y organizado por Barcelona Activa, donde se agotaron las 300 plazas disponibles. Datos de impacto sobre el mercado laboral y el futuro del trabajo, Innovaci\u00f3n, alianzas y formaci\u00f3n alineada al futuro.","robots":{"index":"index","follow":"follow","max-snippet":"max-snippet:-1","max-image-preview":"max-image-preview:large","max-video-preview":"max-video-preview:-1"},"canonical":"https:\/\/www.laescueladelagua.com\/en\/congreso-tecnico-de-orientacion-profesional\/","og_locale":"en_US","og_type":"article","og_title":"Participamos en el Congreso T\u00e9cnico de Orientaci\u00f3n Profesional de Barcelona - Escuela del agua","og_description":"Participamos en el Congreso T\u00e9cnico de Orientaci\u00f3n Profesional de Barcelona - La Escuela del Agua de Veolia participa activamente en el Congreso T\u00e9cnico de Orientaci\u00f3n Profesional de Barcelona, celebrado el jueves en el DHub de Barcelona y organizado por Barcelona Activa, donde se agotaron las 300 plazas disponibles. Datos de impacto sobre el mercado laboral y el futuro del trabajo, Innovaci\u00f3n, alianzas y formaci\u00f3n alineada al futuro.","og_url":"https:\/\/www.laescueladelagua.com\/en\/congreso-tecnico-de-orientacion-profesional\/","og_site_name":"Escuela del agua","article_published_time":"2025-06-26T07:55:49+00:00","og_image":[{"width":2560,"height":1441,"url":"https:\/\/www.laescueladelagua.com\/wp-content\/uploads\/2025\/06\/20250619_135324-scaled.jpg","type":"image\/jpeg"}],"author":"william-jose.moreno","twitter_card":"summary_large_image","twitter_misc":{"Written by":"william-jose.moreno","Est. reading time":"4 minutes"},"schema":{"@context":"https:\/\/schema.org","@graph":[{"@type":"Article","@id":"https:\/\/www.laescueladelagua.com\/congreso-tecnico-de-orientacion-profesional\/#article","isPartOf":{"@id":"https:\/\/www.laescueladelagua.com\/congreso-tecnico-de-orientacion-profesional\/"},"author":{"name":"william-jose.moreno","@id":"https:\/\/wapwebedapro01.azurewebsites.net\/#\/schema\/person\/2ef62850d0c872a47ffe56f15c22323c"},"headline":"Participamos en el Congreso T\u00e9cnico de Orientaci\u00f3n Profesional de Barcelona","datePublished":"2025-06-26T07:55:49+00:00","mainEntityOfPage":{"@id":"https:\/\/www.laescueladelagua.com\/congreso-tecnico-de-orientacion-profesional\/"},"wordCount":735,"commentCount":0,"publisher":{"@id":"https:\/\/wapwebedapro01.azurewebsites.net\/#organization"},"image":{"@id":"https:\/\/www.laescueladelagua.com\/congreso-tecnico-de-orientacion-profesional\/#primaryimage"},"thumbnailUrl":"\/wp-content\/uploads\/2025\/06\/20250619_135324-scaled.jpg","articleSection":["Orientaci\u00f3n Profesional"],"inLanguage":"en-US","potentialAction":[{"@type":"CommentAction","name":"Comment","target":["https:\/\/www.laescueladelagua.com\/congreso-tecnico-de-orientacion-profesional\/#respond"]}]},{"@type":"WebPage","@id":"https:\/\/www.laescueladelagua.com\/congreso-tecnico-de-orientacion-profesional\/","url":"https:\/\/www.laescueladelagua.com\/congreso-tecnico-de-orientacion-profesional\/","name":"Participamos en el Congreso T\u00e9cnico de Orientaci\u00f3n Profesional de Barcelona - Escuela del agua","isPartOf":{"@id":"https:\/\/wapwebedapro01.azurewebsites.net\/#website"},"primaryImageOfPage":{"@id":"https:\/\/www.laescueladelagua.com\/congreso-tecnico-de-orientacion-profesional\/#primaryimage"},"image":{"@id":"https:\/\/www.laescueladelagua.com\/congreso-tecnico-de-orientacion-profesional\/#primaryimage"},"thumbnailUrl":"\/wp-content\/uploads\/2025\/06\/20250619_135324-scaled.jpg","datePublished":"2025-06-26T07:55:49+00:00","description":"Participamos en el Congreso T\u00e9cnico de Orientaci\u00f3n Profesional de Barcelona - La Escuela del Agua de Veolia participa activamente en el Congreso T\u00e9cnico de Orientaci\u00f3n Profesional de Barcelona, celebrado el jueves en el DHub de Barcelona y organizado por Barcelona Activa, donde se agotaron las 300 plazas disponibles. Datos de impacto sobre el mercado laboral y el futuro del trabajo, Innovaci\u00f3n, alianzas y formaci\u00f3n alineada al futuro.","breadcrumb":{"@id":"https:\/\/www.laescueladelagua.com\/congreso-tecnico-de-orientacion-profesional\/#breadcrumb"},"inLanguage":"en-US","potentialAction":[{"@type":"ReadAction","target":["https:\/\/www.laescueladelagua.com\/congreso-tecnico-de-orientacion-profesional\/"]}]},{"@type":"ImageObject","inLanguage":"en-US","@id":"https:\/\/www.laescueladelagua.com\/congreso-tecnico-de-orientacion-profesional\/#primaryimage","url":"\/wp-content\/uploads\/2025\/06\/20250619_135324-scaled.jpg","contentUrl":"\/wp-content\/uploads\/2025\/06\/20250619_135324-scaled.jpg","width":2560,"height":1441},{"@type":"BreadcrumbList","@id":"https:\/\/www.laescueladelagua.com\/congreso-tecnico-de-orientacion-profesional\/#breadcrumb","itemListElement":[{"@type":"ListItem","position":1,"name":"Home","item":"https:\/\/wapwebedapro01.azurewebsites.net\/"},{"@type":"ListItem","position":2,"name":"Participamos en el Congreso T\u00e9cnico de Orientaci\u00f3n Profesional de Barcelona"}]},{"@type":"WebSite","@id":"https:\/\/wapwebedapro01.azurewebsites.net\/#website","url":"https:\/\/wapwebedapro01.azurewebsites.net\/","name":"Escuela del agua","description":"","publisher":{"@id":"https:\/\/wapwebedapro01.azurewebsites.net\/#organization"},"potentialAction":[{"@type":"SearchAction","target":{"@type":"EntryPoint","urlTemplate":"https:\/\/wapwebedapro01.azurewebsites.net\/?s={search_term_string}"},"query-input":{"@type":"PropertyValueSpecification","valueRequired":true,"valueName":"search_term_string"}}],"inLanguage":"en-US"},{"@type":"Organization","@id":"https:\/\/wapwebedapro01.azurewebsites.net\/#organization","name":"Escuela del agua","url":"https:\/\/wapwebedapro01.azurewebsites.net\/","logo":{"@type":"ImageObject","inLanguage":"en-US","@id":"https:\/\/wapwebedapro01.azurewebsites.net\/#\/schema\/logo\/image\/","url":"\/wp-content\/uploads\/2023\/08\/logo_EscueladelAgua_mod.1.1_150px.png","contentUrl":"\/wp-content\/uploads\/2023\/08\/logo_EscueladelAgua_mod.1.1_150px.png","width":150,"height":90,"caption":"Escuela del agua"},"image":{"@id":"https:\/\/wapwebedapro01.azurewebsites.net\/#\/schema\/logo\/image\/"}},{"@type":"Person","@id":"https:\/\/wapwebedapro01.azurewebsites.net\/#\/schema\/person\/2ef62850d0c872a47ffe56f15c22323c","name":"william-jose.moreno","image":{"@type":"ImageObject","inLanguage":"en-US","@id":"https:\/\/wapwebedapro01.azurewebsites.net\/#\/schema\/person\/image\/","url":"https:\/\/secure.gravatar.com\/avatar\/f4016a09806c3bffd47afd9693b0eb27?s=96&d=mm&r=g","contentUrl":"https:\/\/secure.gravatar.com\/avatar\/f4016a09806c3bffd47afd9693b0eb27?s=96&d=mm&r=g","caption":"william-jose.moreno"},"url":"https:\/\/www.laescueladelagua.com\/en\/author\/william-jose-moreno\/"}]}},"meta_box":[],"_links":{"self":[{"href":"https:\/\/www.laescueladelagua.com\/en\/wp-json\/wp\/v2\/posts\/4285","targetHints":{"allow":["GET"]}}],"collection":[{"href":"https:\/\/www.laescueladelagua.com\/en\/wp-json\/wp\/v2\/posts"}],"about":[{"href":"https:\/\/www.laescueladelagua.com\/en\/wp-json\/wp\/v2\/types\/post"}],"author":[{"embeddable":true,"href":"https:\/\/www.laescueladelagua.com\/en\/wp-json\/wp\/v2\/users\/14"}],"replies":[{"embeddable":true,"href":"https:\/\/www.laescueladelagua.com\/en\/wp-json\/wp\/v2\/comments?post=4285"}],"version-history":[{"count":2,"href":"https:\/\/www.laescueladelagua.com\/en\/wp-json\/wp\/v2\/posts\/4285\/revisions"}],"predecessor-version":[{"id":4288,"href":"https:\/\/www.laescueladelagua.com\/en\/wp-json\/wp\/v2\/posts\/4285\/revisions\/4288"}],"wp:featuredmedia":[{"embeddable":true,"href":"https:\/\/www.laescueladelagua.com\/en\/wp-json\/wp\/v2\/media\/4292"}],"wp:attachment":[{"href":"https:\/\/www.laescueladelagua.com\/en\/wp-json\/wp\/v2\/media?parent=4285"}],"wp:term":[{"taxonomy":"category","embeddable":true,"href":"https:\/\/www.laescueladelagua.com\/en\/wp-json\/wp\/v2\/categories?post=4285"},{"taxonomy":"post_tag","embeddable":true,"href":"https:\/\/www.laescueladelagua.com\/en\/wp-json\/wp\/v2\/tags?post=4285"}],"curies":[{"name":"wp","href":"https:\/\/api.w.org\/{rel}","templated":true}]}}