{"id":4422,"date":"2025-08-20T09:31:42","date_gmt":"2025-08-20T09:31:42","guid":{"rendered":"https:\/\/www.laescueladelagua.com\/?p=4422"},"modified":"2025-08-20T09:41:36","modified_gmt":"2025-08-20T09:41:36","slug":"la-escuela-del-agua-impulsa-la-profesionalizacion-del-sector-junto-a-aguas-de-huelva","status":"publish","type":"post","link":"https:\/\/www.laescueladelagua.com\/en\/la-escuela-del-agua-impulsa-la-profesionalizacion-del-sector-junto-a-aguas-de-huelva\/","title":{"rendered":"La Escuela del Agua impulsa la profesionalizaci\u00f3n del sector junto a Aguas de Huelva"},"content":{"rendered":"<p><em><span style=\"font-weight: 400;\">La Escuela del Agua ha colaborado activamente en la puesta en marcha y gesti\u00f3n del <a href=\"https:\/\/www.laescueladelagua.com\/en\/formacion-para-la-cualificacion-profesional\/acreditacion-de-competencias\/\">proceso de acreditaci\u00f3n de competencias profesionales<\/a> para el personal operario de <a href=\"https:\/\/www.aguashuelva.com\/\">Aguas de Huelva<\/a>, reafirmando su compromiso con la mejora de la cualificaci\u00f3n y el desarrollo del talento en el sector del agua.<\/span><\/em><\/p>\n<p>&nbsp;<\/p>\n<h4><b>Colaboraci\u00f3n clave para la acreditaci\u00f3n profesional en el sector del agua<\/b><\/h4>\n<p><span style=\"font-weight: 400;\">Este proceso, coordinado a nivel nacional a trav\u00e9s de la Escuela del Agua, ha permitido que operarios de redes y plantas de tratamiento de <a href=\"https:\/\/www.aguashuelva.com\/\">Aguas de Huelva<\/a> puedan validar oficialmente sus conocimientos y experiencia, conforme a los requisitos establecidos por el Real Decreto 3\/2023 sobre formaci\u00f3n y acreditaci\u00f3n profesional.<\/span><\/p>\n<p><span style=\"font-weight: 400;\">Aguas de Huelva ha inscrito, por el momento, un total de 23 operarios en este proceso de acreditaci\u00f3n convocado por la Junta de Andaluc\u00eda, con el objetivo de reconocer formalmente su experiencia y conocimientos adquiridos en el desempe\u00f1o diario de su labor.<\/span><\/p>\n<h4><b>Formaci\u00f3n continua y excelencia: compromiso con la calidad del servicio de agua<\/b><\/h4>\n<p><span style=\"font-weight: 400;\">La inscripci\u00f3n presencial llevada a cabo recientemente en la Planta de Tratamiento de Agua Potable de <a href=\"https:\/\/www.aguashuelva.com\/\">Aguas de Huelva<\/a>, por parte del <a href=\"https:\/\/www.juntadeandalucia.es\/educacion\/portales\/web\/iacp\">Instituto Andaluz de Cualificaciones Profesionales<\/a> (IACP), ha sido uno de los hitos m\u00e1s relevantes del proyecto. Este paso certifica de forma oficial y rigurosa las competencias adquiridas por el personal a lo largo de su trayectoria profesional.<\/span><\/p>\n<p><span style=\"font-weight: 400;\">\u201cLas personas son el pilar fundamental de nuestro desempe\u00f1o. Este proceso de acreditaci\u00f3n no solo reconoce la experiencia de nuestros operarios, sino que tambi\u00e9n les brinda nuevas herramientas para seguir creciendo profesionalmente en un entorno cada vez m\u00e1s exigente y tecnificado. Apostar por la capacitaci\u00f3n es apostar por la calidad y la sostenibilidad del servicio que prestamos a la ciudadan\u00eda\u00bb, ha afirmado \u00c1ngel L\u00f3pez, director de Recursos Humanos de Aguas de Huelva.<\/span><\/p>\n<p><span style=\"font-weight: 400;\">Este programa, fruto de la colaboraci\u00f3n entre diferentes entidades del Grupo, pone en valor la experiencia profesional y apuesta por una formaci\u00f3n adaptada a los desaf\u00edos actuales del sector. Desde la Escuela del Agua seguimos trabajando para acompa\u00f1ar a las organizaciones en la mejora continua de sus equipos, promoviendo la capacitaci\u00f3n, la excelencia t\u00e9cnica y la sostenibilidad en la gesti\u00f3n del agua<\/span><\/p>","protected":false},"excerpt":{"rendered":"<p>La Escuela del Agua ha colaborado activamente en la puesta en marcha y gesti\u00f3n del proceso de acreditaci\u00f3n de competencias profesionales para el personal operario de Aguas de Huelva, reafirmando su compromiso con la mejora de la cualificaci\u00f3n y el desarrollo del talento en el sector del agua. &nbsp; Colaboraci\u00f3n clave para la acreditaci\u00f3n profesional [&hellip;]<\/p>","protected":false},"author":6,"featured_media":4423,"comment_status":"open","ping_status":"open","sticky":false,"template":"","format":"standard","meta":{"footnotes":""},"categories":[111],"tags":[],"class_list":["post-4422","post","type-post","status-publish","format-standard","has-post-thumbnail","hentry","category-acreditacion-profesional"],"yoast_head":"<!-- This site is optimized with the Yoast SEO plugin v24.5 - https:\/\/yoast.com\/wordpress\/plugins\/seo\/ -->\r\n<title>La Escuela del Agua impulsa la profesionalizaci\u00f3n del sector junto a Aguas de Huelva - Escuela del agua<\/title>\r\n<meta name=\"robots\" content=\"index, follow, max-snippet:-1, max-image-preview:large, max-video-preview:-1\" \/>\r\n<link rel=\"canonical\" href=\"https:\/\/www.laescueladelagua.com\/en\/la-escuela-del-agua-impulsa-la-profesionalizacion-del-sector-junto-a-aguas-de-huelva\/\" \/>\r\n<meta property=\"og:locale\" content=\"en_US\" \/>\r\n<meta property=\"og:type\" content=\"article\" \/>\r\n<meta property=\"og:title\" content=\"La Escuela del Agua impulsa la profesionalizaci\u00f3n del sector junto a Aguas de Huelva - Escuela del agua\" \/>\r\n<meta property=\"og:description\" content=\"La Escuela del Agua ha colaborado activamente en la puesta en marcha y gesti\u00f3n del proceso de acreditaci\u00f3n de competencias profesionales para el personal operario de Aguas de Huelva, reafirmando su compromiso con la mejora de la cualificaci\u00f3n y el desarrollo del talento en el sector del agua. &nbsp; Colaboraci\u00f3n clave para la acreditaci\u00f3n profesional [&hellip;]\" \/>\r\n<meta property=\"og:url\" content=\"https:\/\/www.laescueladelagua.com\/en\/la-escuela-del-agua-impulsa-la-profesionalizacion-del-sector-junto-a-aguas-de-huelva\/\" \/>\r\n<meta property=\"og:site_name\" content=\"Escuela del agua\" \/>\r\n<meta property=\"article:published_time\" content=\"2025-08-20T09:31:42+00:00\" \/>\r\n<meta property=\"article:modified_time\" content=\"2025-08-20T09:41:36+00:00\" \/>\r\n<meta property=\"og:image\" content=\"https:\/\/www.laescueladelagua.com\/wp-content\/uploads\/2025\/08\/Acreditacion-Personal-Operario-2.jpg\" \/>\r\n\t<meta property=\"og:image:width\" content=\"1536\" \/>\r\n\t<meta property=\"og:image:height\" content=\"2040\" \/>\r\n\t<meta property=\"og:image:type\" content=\"image\/jpeg\" \/>\r\n<meta name=\"author\" content=\"emrodriguez\" \/>\r\n<meta name=\"twitter:card\" content=\"summary_large_image\" \/>\r\n<meta name=\"twitter:label1\" content=\"Written by\" \/>\n\t<meta name=\"twitter:data1\" content=\"emrodriguez\" \/>\n\t<meta name=\"twitter:label2\" content=\"Est. reading time\" \/>\n\t<meta name=\"twitter:data2\" content=\"2 minutes\" \/>\r\n<script type=\"application\/ld+json\" class=\"yoast-schema-graph\">{\"@context\":\"https:\/\/schema.org\",\"@graph\":[{\"@type\":\"Article\",\"@id\":\"https:\/\/www.laescueladelagua.com\/la-escuela-del-agua-impulsa-la-profesionalizacion-del-sector-junto-a-aguas-de-huelva\/#article\",\"isPartOf\":{\"@id\":\"https:\/\/www.laescueladelagua.com\/la-escuela-del-agua-impulsa-la-profesionalizacion-del-sector-junto-a-aguas-de-huelva\/\"},\"author\":{\"name\":\"emrodriguez\",\"@id\":\"https:\/\/wapwebedapro01.azurewebsites.net\/#\/schema\/person\/527f67ae18a7f9a5e4516ba82e2fff6f\"},\"headline\":\"La Escuela del Agua impulsa la profesionalizaci\u00f3n del sector junto a Aguas de Huelva\",\"datePublished\":\"2025-08-20T09:31:42+00:00\",\"dateModified\":\"2025-08-20T09:41:36+00:00\",\"mainEntityOfPage\":{\"@id\":\"https:\/\/www.laescueladelagua.com\/la-escuela-del-agua-impulsa-la-profesionalizacion-del-sector-junto-a-aguas-de-huelva\/\"},\"wordCount\":397,\"commentCount\":0,\"publisher\":{\"@id\":\"https:\/\/wapwebedapro01.azurewebsites.net\/#organization\"},\"image\":{\"@id\":\"https:\/\/www.laescueladelagua.com\/la-escuela-del-agua-impulsa-la-profesionalizacion-del-sector-junto-a-aguas-de-huelva\/#primaryimage\"},\"thumbnailUrl\":\"\/wp-content\/uploads\/2025\/08\/Acreditacion-Personal-Operario-2.jpg\",\"articleSection\":[\"Acreditaci\u00f3n Profesional\"],\"inLanguage\":\"en-US\",\"potentialAction\":[{\"@type\":\"CommentAction\",\"name\":\"Comment\",\"target\":[\"https:\/\/www.laescueladelagua.com\/la-escuela-del-agua-impulsa-la-profesionalizacion-del-sector-junto-a-aguas-de-huelva\/#respond\"]}]},{\"@type\":\"WebPage\",\"@id\":\"https:\/\/www.laescueladelagua.com\/la-escuela-del-agua-impulsa-la-profesionalizacion-del-sector-junto-a-aguas-de-huelva\/\",\"url\":\"https:\/\/www.laescueladelagua.com\/la-escuela-del-agua-impulsa-la-profesionalizacion-del-sector-junto-a-aguas-de-huelva\/\",\"name\":\"La Escuela del Agua impulsa la profesionalizaci\u00f3n del sector junto a Aguas de Huelva - Escuela del agua\",\"isPartOf\":{\"@id\":\"https:\/\/wapwebedapro01.azurewebsites.net\/#website\"},\"primaryImageOfPage\":{\"@id\":\"https:\/\/www.laescueladelagua.com\/la-escuela-del-agua-impulsa-la-profesionalizacion-del-sector-junto-a-aguas-de-huelva\/#primaryimage\"},\"image\":{\"@id\":\"https:\/\/www.laescueladelagua.com\/la-escuela-del-agua-impulsa-la-profesionalizacion-del-sector-junto-a-aguas-de-huelva\/#primaryimage\"},\"thumbnailUrl\":\"\/wp-content\/uploads\/2025\/08\/Acreditacion-Personal-Operario-2.jpg\",\"datePublished\":\"2025-08-20T09:31:42+00:00\",\"dateModified\":\"2025-08-20T09:41:36+00:00\",\"breadcrumb\":{\"@id\":\"https:\/\/www.laescueladelagua.com\/la-escuela-del-agua-impulsa-la-profesionalizacion-del-sector-junto-a-aguas-de-huelva\/#breadcrumb\"},\"inLanguage\":\"en-US\",\"potentialAction\":[{\"@type\":\"ReadAction\",\"target\":[\"https:\/\/www.laescueladelagua.com\/la-escuela-del-agua-impulsa-la-profesionalizacion-del-sector-junto-a-aguas-de-huelva\/\"]}]},{\"@type\":\"ImageObject\",\"inLanguage\":\"en-US\",\"@id\":\"https:\/\/www.laescueladelagua.com\/la-escuela-del-agua-impulsa-la-profesionalizacion-del-sector-junto-a-aguas-de-huelva\/#primaryimage\",\"url\":\"\/wp-content\/uploads\/2025\/08\/Acreditacion-Personal-Operario-2.jpg\",\"contentUrl\":\"\/wp-content\/uploads\/2025\/08\/Acreditacion-Personal-Operario-2.jpg\",\"width\":1536,\"height\":2040},{\"@type\":\"BreadcrumbList\",\"@id\":\"https:\/\/www.laescueladelagua.com\/la-escuela-del-agua-impulsa-la-profesionalizacion-del-sector-junto-a-aguas-de-huelva\/#breadcrumb\",\"itemListElement\":[{\"@type\":\"ListItem\",\"position\":1,\"name\":\"Home\",\"item\":\"https:\/\/wapwebedapro01.azurewebsites.net\/\"},{\"@type\":\"ListItem\",\"position\":2,\"name\":\"La Escuela del Agua impulsa la profesionalizaci\u00f3n del sector junto a Aguas de Huelva\"}]},{\"@type\":\"WebSite\",\"@id\":\"https:\/\/wapwebedapro01.azurewebsites.net\/#website\",\"url\":\"https:\/\/wapwebedapro01.azurewebsites.net\/\",\"name\":\"Escuela del agua\",\"description\":\"\",\"publisher\":{\"@id\":\"https:\/\/wapwebedapro01.azurewebsites.net\/#organization\"},\"potentialAction\":[{\"@type\":\"SearchAction\",\"target\":{\"@type\":\"EntryPoint\",\"urlTemplate\":\"https:\/\/wapwebedapro01.azurewebsites.net\/?s={search_term_string}\"},\"query-input\":{\"@type\":\"PropertyValueSpecification\",\"valueRequired\":true,\"valueName\":\"search_term_string\"}}],\"inLanguage\":\"en-US\"},{\"@type\":\"Organization\",\"@id\":\"https:\/\/wapwebedapro01.azurewebsites.net\/#organization\",\"name\":\"Escuela del agua\",\"url\":\"https:\/\/wapwebedapro01.azurewebsites.net\/\",\"logo\":{\"@type\":\"ImageObject\",\"inLanguage\":\"en-US\",\"@id\":\"https:\/\/wapwebedapro01.azurewebsites.net\/#\/schema\/logo\/image\/\",\"url\":\"\/wp-content\/uploads\/2023\/08\/logo_EscueladelAgua_mod.1.1_150px.png\",\"contentUrl\":\"\/wp-content\/uploads\/2023\/08\/logo_EscueladelAgua_mod.1.1_150px.png\",\"width\":150,\"height\":90,\"caption\":\"Escuela del agua\"},\"image\":{\"@id\":\"https:\/\/wapwebedapro01.azurewebsites.net\/#\/schema\/logo\/image\/\"}},{\"@type\":\"Person\",\"@id\":\"https:\/\/wapwebedapro01.azurewebsites.net\/#\/schema\/person\/527f67ae18a7f9a5e4516ba82e2fff6f\",\"name\":\"emrodriguez\",\"image\":{\"@type\":\"ImageObject\",\"inLanguage\":\"en-US\",\"@id\":\"https:\/\/wapwebedapro01.azurewebsites.net\/#\/schema\/person\/image\/\",\"url\":\"https:\/\/secure.gravatar.com\/avatar\/f5a7da42368190a610c3fc6e2d270294?s=96&d=mm&r=g\",\"contentUrl\":\"https:\/\/secure.gravatar.com\/avatar\/f5a7da42368190a610c3fc6e2d270294?s=96&d=mm&r=g\",\"caption\":\"emrodriguez\"},\"url\":\"https:\/\/www.laescueladelagua.com\/en\/author\/emrodriguez\/\"}]}<\/script>\r\n<!-- \/ Yoast SEO plugin. -->","yoast_head_json":{"title":"La Escuela del Agua impulsa la profesionalizaci\u00f3n del sector junto a Aguas de Huelva - Escuela del agua","robots":{"index":"index","follow":"follow","max-snippet":"max-snippet:-1","max-image-preview":"max-image-preview:large","max-video-preview":"max-video-preview:-1"},"canonical":"https:\/\/www.laescueladelagua.com\/en\/la-escuela-del-agua-impulsa-la-profesionalizacion-del-sector-junto-a-aguas-de-huelva\/","og_locale":"en_US","og_type":"article","og_title":"La Escuela del Agua impulsa la profesionalizaci\u00f3n del sector junto a Aguas de Huelva - Escuela del agua","og_description":"La Escuela del Agua ha colaborado activamente en la puesta en marcha y gesti\u00f3n del proceso de acreditaci\u00f3n de competencias profesionales para el personal operario de Aguas de Huelva, reafirmando su compromiso con la mejora de la cualificaci\u00f3n y el desarrollo del talento en el sector del agua. &nbsp; Colaboraci\u00f3n clave para la acreditaci\u00f3n profesional [&hellip;]","og_url":"https:\/\/www.laescueladelagua.com\/en\/la-escuela-del-agua-impulsa-la-profesionalizacion-del-sector-junto-a-aguas-de-huelva\/","og_site_name":"Escuela del agua","article_published_time":"2025-08-20T09:31:42+00:00","article_modified_time":"2025-08-20T09:41:36+00:00","og_image":[{"width":1536,"height":2040,"url":"https:\/\/www.laescueladelagua.com\/wp-content\/uploads\/2025\/08\/Acreditacion-Personal-Operario-2.jpg","type":"image\/jpeg"}],"author":"emrodriguez","twitter_card":"summary_large_image","twitter_misc":{"Written by":"emrodriguez","Est. reading time":"2 minutes"},"schema":{"@context":"https:\/\/schema.org","@graph":[{"@type":"Article","@id":"https:\/\/www.laescueladelagua.com\/la-escuela-del-agua-impulsa-la-profesionalizacion-del-sector-junto-a-aguas-de-huelva\/#article","isPartOf":{"@id":"https:\/\/www.laescueladelagua.com\/la-escuela-del-agua-impulsa-la-profesionalizacion-del-sector-junto-a-aguas-de-huelva\/"},"author":{"name":"emrodriguez","@id":"https:\/\/wapwebedapro01.azurewebsites.net\/#\/schema\/person\/527f67ae18a7f9a5e4516ba82e2fff6f"},"headline":"La Escuela del Agua impulsa la profesionalizaci\u00f3n del sector junto a Aguas de Huelva","datePublished":"2025-08-20T09:31:42+00:00","dateModified":"2025-08-20T09:41:36+00:00","mainEntityOfPage":{"@id":"https:\/\/www.laescueladelagua.com\/la-escuela-del-agua-impulsa-la-profesionalizacion-del-sector-junto-a-aguas-de-huelva\/"},"wordCount":397,"commentCount":0,"publisher":{"@id":"https:\/\/wapwebedapro01.azurewebsites.net\/#organization"},"image":{"@id":"https:\/\/www.laescueladelagua.com\/la-escuela-del-agua-impulsa-la-profesionalizacion-del-sector-junto-a-aguas-de-huelva\/#primaryimage"},"thumbnailUrl":"\/wp-content\/uploads\/2025\/08\/Acreditacion-Personal-Operario-2.jpg","articleSection":["Acreditaci\u00f3n Profesional"],"inLanguage":"en-US","potentialAction":[{"@type":"CommentAction","name":"Comment","target":["https:\/\/www.laescueladelagua.com\/la-escuela-del-agua-impulsa-la-profesionalizacion-del-sector-junto-a-aguas-de-huelva\/#respond"]}]},{"@type":"WebPage","@id":"https:\/\/www.laescueladelagua.com\/la-escuela-del-agua-impulsa-la-profesionalizacion-del-sector-junto-a-aguas-de-huelva\/","url":"https:\/\/www.laescueladelagua.com\/la-escuela-del-agua-impulsa-la-profesionalizacion-del-sector-junto-a-aguas-de-huelva\/","name":"La Escuela del Agua impulsa la profesionalizaci\u00f3n del sector junto a Aguas de Huelva - Escuela del agua","isPartOf":{"@id":"https:\/\/wapwebedapro01.azurewebsites.net\/#website"},"primaryImageOfPage":{"@id":"https:\/\/www.laescueladelagua.com\/la-escuela-del-agua-impulsa-la-profesionalizacion-del-sector-junto-a-aguas-de-huelva\/#primaryimage"},"image":{"@id":"https:\/\/www.laescueladelagua.com\/la-escuela-del-agua-impulsa-la-profesionalizacion-del-sector-junto-a-aguas-de-huelva\/#primaryimage"},"thumbnailUrl":"\/wp-content\/uploads\/2025\/08\/Acreditacion-Personal-Operario-2.jpg","datePublished":"2025-08-20T09:31:42+00:00","dateModified":"2025-08-20T09:41:36+00:00","breadcrumb":{"@id":"https:\/\/www.laescueladelagua.com\/la-escuela-del-agua-impulsa-la-profesionalizacion-del-sector-junto-a-aguas-de-huelva\/#breadcrumb"},"inLanguage":"en-US","potentialAction":[{"@type":"ReadAction","target":["https:\/\/www.laescueladelagua.com\/la-escuela-del-agua-impulsa-la-profesionalizacion-del-sector-junto-a-aguas-de-huelva\/"]}]},{"@type":"ImageObject","inLanguage":"en-US","@id":"https:\/\/www.laescueladelagua.com\/la-escuela-del-agua-impulsa-la-profesionalizacion-del-sector-junto-a-aguas-de-huelva\/#primaryimage","url":"\/wp-content\/uploads\/2025\/08\/Acreditacion-Personal-Operario-2.jpg","contentUrl":"\/wp-content\/uploads\/2025\/08\/Acreditacion-Personal-Operario-2.jpg","width":1536,"height":2040},{"@type":"BreadcrumbList","@id":"https:\/\/www.laescueladelagua.com\/la-escuela-del-agua-impulsa-la-profesionalizacion-del-sector-junto-a-aguas-de-huelva\/#breadcrumb","itemListElement":[{"@type":"ListItem","position":1,"name":"Home","item":"https:\/\/wapwebedapro01.azurewebsites.net\/"},{"@type":"ListItem","position":2,"name":"La Escuela del Agua impulsa la profesionalizaci\u00f3n del sector junto a Aguas de Huelva"}]},{"@type":"WebSite","@id":"https:\/\/wapwebedapro01.azurewebsites.net\/#website","url":"https:\/\/wapwebedapro01.azurewebsites.net\/","name":"Escuela del agua","description":"","publisher":{"@id":"https:\/\/wapwebedapro01.azurewebsites.net\/#organization"},"potentialAction":[{"@type":"SearchAction","target":{"@type":"EntryPoint","urlTemplate":"https:\/\/wapwebedapro01.azurewebsites.net\/?s={search_term_string}"},"query-input":{"@type":"PropertyValueSpecification","valueRequired":true,"valueName":"search_term_string"}}],"inLanguage":"en-US"},{"@type":"Organization","@id":"https:\/\/wapwebedapro01.azurewebsites.net\/#organization","name":"Escuela del agua","url":"https:\/\/wapwebedapro01.azurewebsites.net\/","logo":{"@type":"ImageObject","inLanguage":"en-US","@id":"https:\/\/wapwebedapro01.azurewebsites.net\/#\/schema\/logo\/image\/","url":"\/wp-content\/uploads\/2023\/08\/logo_EscueladelAgua_mod.1.1_150px.png","contentUrl":"\/wp-content\/uploads\/2023\/08\/logo_EscueladelAgua_mod.1.1_150px.png","width":150,"height":90,"caption":"Escuela del agua"},"image":{"@id":"https:\/\/wapwebedapro01.azurewebsites.net\/#\/schema\/logo\/image\/"}},{"@type":"Person","@id":"https:\/\/wapwebedapro01.azurewebsites.net\/#\/schema\/person\/527f67ae18a7f9a5e4516ba82e2fff6f","name":"emrodriguez","image":{"@type":"ImageObject","inLanguage":"en-US","@id":"https:\/\/wapwebedapro01.azurewebsites.net\/#\/schema\/person\/image\/","url":"https:\/\/secure.gravatar.com\/avatar\/f5a7da42368190a610c3fc6e2d270294?s=96&d=mm&r=g","contentUrl":"https:\/\/secure.gravatar.com\/avatar\/f5a7da42368190a610c3fc6e2d270294?s=96&d=mm&r=g","caption":"emrodriguez"},"url":"https:\/\/www.laescueladelagua.com\/en\/author\/emrodriguez\/"}]}},"meta_box":[],"_links":{"self":[{"href":"https:\/\/www.laescueladelagua.com\/en\/wp-json\/wp\/v2\/posts\/4422","targetHints":{"allow":["GET"]}}],"collection":[{"href":"https:\/\/www.laescueladelagua.com\/en\/wp-json\/wp\/v2\/posts"}],"about":[{"href":"https:\/\/www.laescueladelagua.com\/en\/wp-json\/wp\/v2\/types\/post"}],"author":[{"embeddable":true,"href":"https:\/\/www.laescueladelagua.com\/en\/wp-json\/wp\/v2\/users\/6"}],"replies":[{"embeddable":true,"href":"https:\/\/www.laescueladelagua.com\/en\/wp-json\/wp\/v2\/comments?post=4422"}],"version-history":[{"count":5,"href":"https:\/\/www.laescueladelagua.com\/en\/wp-json\/wp\/v2\/posts\/4422\/revisions"}],"predecessor-version":[{"id":4429,"href":"https:\/\/www.laescueladelagua.com\/en\/wp-json\/wp\/v2\/posts\/4422\/revisions\/4429"}],"wp:featuredmedia":[{"embeddable":true,"href":"https:\/\/www.laescueladelagua.com\/en\/wp-json\/wp\/v2\/media\/4423"}],"wp:attachment":[{"href":"https:\/\/www.laescueladelagua.com\/en\/wp-json\/wp\/v2\/media?parent=4422"}],"wp:term":[{"taxonomy":"category","embeddable":true,"href":"https:\/\/www.laescueladelagua.com\/en\/wp-json\/wp\/v2\/categories?post=4422"},{"taxonomy":"post_tag","embeddable":true,"href":"https:\/\/www.laescueladelagua.com\/en\/wp-json\/wp\/v2\/tags?post=4422"}],"curies":[{"name":"wp","href":"https:\/\/api.w.org\/{rel}","templated":true}]}}