{"id":4457,"date":"2025-09-29T10:36:36","date_gmt":"2025-09-29T10:36:36","guid":{"rendered":"https:\/\/www.laescueladelagua.com\/?p=4457"},"modified":"2025-09-29T10:42:41","modified_gmt":"2025-09-29T10:42:41","slug":"visita-guiada-a-la-presa-de-artikutza","status":"publish","type":"post","link":"https:\/\/www.laescueladelagua.com\/en\/visita-guiada-a-la-presa-de-artikutza\/","title":{"rendered":"Visita guiada a la presa de Artikutza"},"content":{"rendered":"<p><em>Exploramos la futura transformaci\u00f3n de la presa de Artikutza<\/em><\/p>\n<p>&nbsp;<\/p>\n<p><span style=\"font-weight: 400;\">El pasado 28 de septiembre, dentro del programa Artikutza Natura que gestionamos para el Ayuntamiento de San Sebasti\u00e1n \/ Donostia, realizamos una visita guiada muy especial. En esta ocasi\u00f3n, en lugar de recorrer los bosques, riachuelos y senderos de este enclave natural de gran valor, nos adentramos, por primera vez, en las galer\u00edas de la presa de Artikutza para conocer de primera mano el proyecto de su futura transformaci\u00f3n.<\/span><\/p>\n<p><span style=\"font-weight: 400;\">Como parte del proceso de renaturalizaci\u00f3n del valle, se ha aprobado la puesta fuera de servicio de la presa mediante una demolici\u00f3n parcial. La actuaci\u00f3n principal consistir\u00e1 en la creaci\u00f3n de una escotadura de 7 metros de anchura en el vano izquierdo del aliviadero, que permitir\u00e1:<\/span><\/p>\n<ul>\n<li style=\"font-weight: 400;\" aria-level=\"1\"><span style=\"font-weight: 400;\">Garantizar el desag\u00fce de avenidas extraordinarias.<\/span><\/li>\n<li style=\"font-weight: 400;\" aria-level=\"1\"><span style=\"font-weight: 400;\">Favorecer la permeabilidad de la fauna acu\u00e1tica.<\/span><\/li>\n<li style=\"font-weight: 400;\" aria-level=\"1\"><span style=\"font-weight: 400;\">Recuperar de forma natural la morfolog\u00eda del cauce y el bosque de ribera.<\/span><\/li>\n<\/ul>\n<p><span style=\"font-weight: 400;\">Adem\u00e1s, se contempla la reconstrucci\u00f3n del puente del aliviadero y la restauraci\u00f3n paisaj\u00edstica de las zonas afectadas, utilizando materiales procedentes de la propia demolici\u00f3n y cubri\u00e9ndolos con tierra vegetal para su integraci\u00f3n con el entorno. Todo ello se realizar\u00e1 siguiendo un informe de impacto ambiental que vela por la biodiversidad del enclave.\u00a0<\/span><\/p>\n<p><span style=\"font-weight: 400;\">La actuaci\u00f3n supone un importante avance en la mejora de la calidad del ecosistema, especialmente en un contexto de crisis global de biodiversidad. Entre los principales beneficiarios se encuentra el desm\u00e1n del Pirineo (Galemys pyrenaicus), una especie en peligro de extinci\u00f3n muy sensible a la fragmentaci\u00f3n de r\u00edos.<\/span><\/p>\n<p><span style=\"font-weight: 400;\">Tambi\u00e9n destaca la conservaci\u00f3n de las galer\u00edas de la presa, h\u00e1bitat de especies amenazadas como el murci\u00e9lago ratonero grande (Myotis myotis), cuya colonia fija en Artikutza pudimos observar durante la visita.<\/span><\/p>\n<p>&nbsp;<\/p>\n<h4><b>Una visi\u00f3n del pasado y futuro de Artikutza<\/b><\/h4>\n<p><span style=\"font-weight: 400;\">La jornada permiti\u00f3 al grupo de participantes comprender los detalles t\u00e9cnicos y ambientales del proyecto, imaginar c\u00f3mo fue el trabajo en la presa en el pasado y, al mismo tiempo, vislumbrar el futuro de este espacio natural en el que un embalse se derriba para recuperar un r\u00edo y su biodiversidad.<\/span><\/p>","protected":false},"excerpt":{"rendered":"<p>Exploramos la futura transformaci\u00f3n de la presa de Artikutza &nbsp; El pasado 28 de septiembre, dentro del programa Artikutza Natura que gestionamos para el Ayuntamiento de San Sebasti\u00e1n \/ Donostia, realizamos una visita guiada muy especial. En esta ocasi\u00f3n, en lugar de recorrer los bosques, riachuelos y senderos de este enclave natural de gran valor, [&hellip;]<\/p>","protected":false},"author":6,"featured_media":4458,"comment_status":"open","ping_status":"open","sticky":false,"template":"","format":"standard","meta":{"footnotes":""},"categories":[51],"tags":[],"class_list":["post-4457","post","type-post","status-publish","format-standard","has-post-thumbnail","hentry","category-educacion-ambiental"],"yoast_head":"<!-- This site is optimized with the Yoast SEO plugin v24.5 - https:\/\/yoast.com\/wordpress\/plugins\/seo\/ -->\r\n<title>Visita guiada a la presa de Artikutza - Escuela del agua<\/title>\r\n<meta name=\"robots\" content=\"index, follow, max-snippet:-1, max-image-preview:large, max-video-preview:-1\" \/>\r\n<link rel=\"canonical\" href=\"https:\/\/www.laescueladelagua.com\/en\/visita-guiada-a-la-presa-de-artikutza\/\" \/>\r\n<meta property=\"og:locale\" content=\"en_US\" \/>\r\n<meta property=\"og:type\" content=\"article\" \/>\r\n<meta property=\"og:title\" content=\"Visita guiada a la presa de Artikutza - Escuela del agua\" \/>\r\n<meta property=\"og:description\" content=\"Exploramos la futura transformaci\u00f3n de la presa de Artikutza &nbsp; El pasado 28 de septiembre, dentro del programa Artikutza Natura que gestionamos para el Ayuntamiento de San Sebasti\u00e1n \/ Donostia, realizamos una visita guiada muy especial. En esta ocasi\u00f3n, en lugar de recorrer los bosques, riachuelos y senderos de este enclave natural de gran valor, [&hellip;]\" \/>\r\n<meta property=\"og:url\" content=\"https:\/\/www.laescueladelagua.com\/en\/visita-guiada-a-la-presa-de-artikutza\/\" \/>\r\n<meta property=\"og:site_name\" content=\"Escuela del agua\" \/>\r\n<meta property=\"article:published_time\" content=\"2025-09-29T10:36:36+00:00\" \/>\r\n<meta property=\"article:modified_time\" content=\"2025-09-29T10:42:41+00:00\" \/>\r\n<meta property=\"og:image\" content=\"https:\/\/www.laescueladelagua.com\/wp-content\/uploads\/2025\/09\/art.jpg\" \/>\r\n\t<meta property=\"og:image:width\" content=\"512\" \/>\r\n\t<meta property=\"og:image:height\" content=\"341\" \/>\r\n\t<meta property=\"og:image:type\" content=\"image\/jpeg\" \/>\r\n<meta name=\"author\" content=\"emrodriguez\" \/>\r\n<meta name=\"twitter:card\" content=\"summary_large_image\" \/>\r\n<meta name=\"twitter:label1\" content=\"Written by\" \/>\n\t<meta name=\"twitter:data1\" content=\"emrodriguez\" \/>\n\t<meta name=\"twitter:label2\" content=\"Est. reading time\" \/>\n\t<meta name=\"twitter:data2\" content=\"2 minutes\" \/>\r\n<script type=\"application\/ld+json\" class=\"yoast-schema-graph\">{\"@context\":\"https:\/\/schema.org\",\"@graph\":[{\"@type\":\"Article\",\"@id\":\"https:\/\/www.laescueladelagua.com\/visita-guiada-a-la-presa-de-artikutza\/#article\",\"isPartOf\":{\"@id\":\"https:\/\/www.laescueladelagua.com\/visita-guiada-a-la-presa-de-artikutza\/\"},\"author\":{\"name\":\"emrodriguez\",\"@id\":\"https:\/\/wapwebedapro01.azurewebsites.net\/#\/schema\/person\/527f67ae18a7f9a5e4516ba82e2fff6f\"},\"headline\":\"Visita guiada a la presa de Artikutza\",\"datePublished\":\"2025-09-29T10:36:36+00:00\",\"dateModified\":\"2025-09-29T10:42:41+00:00\",\"mainEntityOfPage\":{\"@id\":\"https:\/\/www.laescueladelagua.com\/visita-guiada-a-la-presa-de-artikutza\/\"},\"wordCount\":379,\"commentCount\":0,\"publisher\":{\"@id\":\"https:\/\/wapwebedapro01.azurewebsites.net\/#organization\"},\"image\":{\"@id\":\"https:\/\/www.laescueladelagua.com\/visita-guiada-a-la-presa-de-artikutza\/#primaryimage\"},\"thumbnailUrl\":\"\/wp-content\/uploads\/2025\/09\/art.jpg\",\"articleSection\":[\"Educaci\u00f3n ambiental\"],\"inLanguage\":\"en-US\",\"potentialAction\":[{\"@type\":\"CommentAction\",\"name\":\"Comment\",\"target\":[\"https:\/\/www.laescueladelagua.com\/visita-guiada-a-la-presa-de-artikutza\/#respond\"]}]},{\"@type\":\"WebPage\",\"@id\":\"https:\/\/www.laescueladelagua.com\/visita-guiada-a-la-presa-de-artikutza\/\",\"url\":\"https:\/\/www.laescueladelagua.com\/visita-guiada-a-la-presa-de-artikutza\/\",\"name\":\"Visita guiada a la presa de Artikutza - Escuela del agua\",\"isPartOf\":{\"@id\":\"https:\/\/wapwebedapro01.azurewebsites.net\/#website\"},\"primaryImageOfPage\":{\"@id\":\"https:\/\/www.laescueladelagua.com\/visita-guiada-a-la-presa-de-artikutza\/#primaryimage\"},\"image\":{\"@id\":\"https:\/\/www.laescueladelagua.com\/visita-guiada-a-la-presa-de-artikutza\/#primaryimage\"},\"thumbnailUrl\":\"\/wp-content\/uploads\/2025\/09\/art.jpg\",\"datePublished\":\"2025-09-29T10:36:36+00:00\",\"dateModified\":\"2025-09-29T10:42:41+00:00\",\"breadcrumb\":{\"@id\":\"https:\/\/www.laescueladelagua.com\/visita-guiada-a-la-presa-de-artikutza\/#breadcrumb\"},\"inLanguage\":\"en-US\",\"potentialAction\":[{\"@type\":\"ReadAction\",\"target\":[\"https:\/\/www.laescueladelagua.com\/visita-guiada-a-la-presa-de-artikutza\/\"]}]},{\"@type\":\"ImageObject\",\"inLanguage\":\"en-US\",\"@id\":\"https:\/\/www.laescueladelagua.com\/visita-guiada-a-la-presa-de-artikutza\/#primaryimage\",\"url\":\"\/wp-content\/uploads\/2025\/09\/art.jpg\",\"contentUrl\":\"\/wp-content\/uploads\/2025\/09\/art.jpg\",\"width\":512,\"height\":341},{\"@type\":\"BreadcrumbList\",\"@id\":\"https:\/\/www.laescueladelagua.com\/visita-guiada-a-la-presa-de-artikutza\/#breadcrumb\",\"itemListElement\":[{\"@type\":\"ListItem\",\"position\":1,\"name\":\"Home\",\"item\":\"https:\/\/wapwebedapro01.azurewebsites.net\/\"},{\"@type\":\"ListItem\",\"position\":2,\"name\":\"Visita guiada a la presa de Artikutza\"}]},{\"@type\":\"WebSite\",\"@id\":\"https:\/\/wapwebedapro01.azurewebsites.net\/#website\",\"url\":\"https:\/\/wapwebedapro01.azurewebsites.net\/\",\"name\":\"Escuela del agua\",\"description\":\"\",\"publisher\":{\"@id\":\"https:\/\/wapwebedapro01.azurewebsites.net\/#organization\"},\"potentialAction\":[{\"@type\":\"SearchAction\",\"target\":{\"@type\":\"EntryPoint\",\"urlTemplate\":\"https:\/\/wapwebedapro01.azurewebsites.net\/?s={search_term_string}\"},\"query-input\":{\"@type\":\"PropertyValueSpecification\",\"valueRequired\":true,\"valueName\":\"search_term_string\"}}],\"inLanguage\":\"en-US\"},{\"@type\":\"Organization\",\"@id\":\"https:\/\/wapwebedapro01.azurewebsites.net\/#organization\",\"name\":\"Escuela del agua\",\"url\":\"https:\/\/wapwebedapro01.azurewebsites.net\/\",\"logo\":{\"@type\":\"ImageObject\",\"inLanguage\":\"en-US\",\"@id\":\"https:\/\/wapwebedapro01.azurewebsites.net\/#\/schema\/logo\/image\/\",\"url\":\"\/wp-content\/uploads\/2023\/08\/logo_EscueladelAgua_mod.1.1_150px.png\",\"contentUrl\":\"\/wp-content\/uploads\/2023\/08\/logo_EscueladelAgua_mod.1.1_150px.png\",\"width\":150,\"height\":90,\"caption\":\"Escuela del agua\"},\"image\":{\"@id\":\"https:\/\/wapwebedapro01.azurewebsites.net\/#\/schema\/logo\/image\/\"}},{\"@type\":\"Person\",\"@id\":\"https:\/\/wapwebedapro01.azurewebsites.net\/#\/schema\/person\/527f67ae18a7f9a5e4516ba82e2fff6f\",\"name\":\"emrodriguez\",\"image\":{\"@type\":\"ImageObject\",\"inLanguage\":\"en-US\",\"@id\":\"https:\/\/wapwebedapro01.azurewebsites.net\/#\/schema\/person\/image\/\",\"url\":\"https:\/\/secure.gravatar.com\/avatar\/f5a7da42368190a610c3fc6e2d270294?s=96&d=mm&r=g\",\"contentUrl\":\"https:\/\/secure.gravatar.com\/avatar\/f5a7da42368190a610c3fc6e2d270294?s=96&d=mm&r=g\",\"caption\":\"emrodriguez\"},\"url\":\"https:\/\/www.laescueladelagua.com\/en\/author\/emrodriguez\/\"}]}<\/script>\r\n<!-- \/ Yoast SEO plugin. -->","yoast_head_json":{"title":"Visita guiada a la presa de Artikutza - Escuela del agua","robots":{"index":"index","follow":"follow","max-snippet":"max-snippet:-1","max-image-preview":"max-image-preview:large","max-video-preview":"max-video-preview:-1"},"canonical":"https:\/\/www.laescueladelagua.com\/en\/visita-guiada-a-la-presa-de-artikutza\/","og_locale":"en_US","og_type":"article","og_title":"Visita guiada a la presa de Artikutza - Escuela del agua","og_description":"Exploramos la futura transformaci\u00f3n de la presa de Artikutza &nbsp; El pasado 28 de septiembre, dentro del programa Artikutza Natura que gestionamos para el Ayuntamiento de San Sebasti\u00e1n \/ Donostia, realizamos una visita guiada muy especial. En esta ocasi\u00f3n, en lugar de recorrer los bosques, riachuelos y senderos de este enclave natural de gran valor, [&hellip;]","og_url":"https:\/\/www.laescueladelagua.com\/en\/visita-guiada-a-la-presa-de-artikutza\/","og_site_name":"Escuela del agua","article_published_time":"2025-09-29T10:36:36+00:00","article_modified_time":"2025-09-29T10:42:41+00:00","og_image":[{"width":512,"height":341,"url":"https:\/\/www.laescueladelagua.com\/wp-content\/uploads\/2025\/09\/art.jpg","type":"image\/jpeg"}],"author":"emrodriguez","twitter_card":"summary_large_image","twitter_misc":{"Written by":"emrodriguez","Est. reading time":"2 minutes"},"schema":{"@context":"https:\/\/schema.org","@graph":[{"@type":"Article","@id":"https:\/\/www.laescueladelagua.com\/visita-guiada-a-la-presa-de-artikutza\/#article","isPartOf":{"@id":"https:\/\/www.laescueladelagua.com\/visita-guiada-a-la-presa-de-artikutza\/"},"author":{"name":"emrodriguez","@id":"https:\/\/wapwebedapro01.azurewebsites.net\/#\/schema\/person\/527f67ae18a7f9a5e4516ba82e2fff6f"},"headline":"Visita guiada a la presa de Artikutza","datePublished":"2025-09-29T10:36:36+00:00","dateModified":"2025-09-29T10:42:41+00:00","mainEntityOfPage":{"@id":"https:\/\/www.laescueladelagua.com\/visita-guiada-a-la-presa-de-artikutza\/"},"wordCount":379,"commentCount":0,"publisher":{"@id":"https:\/\/wapwebedapro01.azurewebsites.net\/#organization"},"image":{"@id":"https:\/\/www.laescueladelagua.com\/visita-guiada-a-la-presa-de-artikutza\/#primaryimage"},"thumbnailUrl":"\/wp-content\/uploads\/2025\/09\/art.jpg","articleSection":["Educaci\u00f3n ambiental"],"inLanguage":"en-US","potentialAction":[{"@type":"CommentAction","name":"Comment","target":["https:\/\/www.laescueladelagua.com\/visita-guiada-a-la-presa-de-artikutza\/#respond"]}]},{"@type":"WebPage","@id":"https:\/\/www.laescueladelagua.com\/visita-guiada-a-la-presa-de-artikutza\/","url":"https:\/\/www.laescueladelagua.com\/visita-guiada-a-la-presa-de-artikutza\/","name":"Visita guiada a la presa de Artikutza - Escuela del agua","isPartOf":{"@id":"https:\/\/wapwebedapro01.azurewebsites.net\/#website"},"primaryImageOfPage":{"@id":"https:\/\/www.laescueladelagua.com\/visita-guiada-a-la-presa-de-artikutza\/#primaryimage"},"image":{"@id":"https:\/\/www.laescueladelagua.com\/visita-guiada-a-la-presa-de-artikutza\/#primaryimage"},"thumbnailUrl":"\/wp-content\/uploads\/2025\/09\/art.jpg","datePublished":"2025-09-29T10:36:36+00:00","dateModified":"2025-09-29T10:42:41+00:00","breadcrumb":{"@id":"https:\/\/www.laescueladelagua.com\/visita-guiada-a-la-presa-de-artikutza\/#breadcrumb"},"inLanguage":"en-US","potentialAction":[{"@type":"ReadAction","target":["https:\/\/www.laescueladelagua.com\/visita-guiada-a-la-presa-de-artikutza\/"]}]},{"@type":"ImageObject","inLanguage":"en-US","@id":"https:\/\/www.laescueladelagua.com\/visita-guiada-a-la-presa-de-artikutza\/#primaryimage","url":"\/wp-content\/uploads\/2025\/09\/art.jpg","contentUrl":"\/wp-content\/uploads\/2025\/09\/art.jpg","width":512,"height":341},{"@type":"BreadcrumbList","@id":"https:\/\/www.laescueladelagua.com\/visita-guiada-a-la-presa-de-artikutza\/#breadcrumb","itemListElement":[{"@type":"ListItem","position":1,"name":"Home","item":"https:\/\/wapwebedapro01.azurewebsites.net\/"},{"@type":"ListItem","position":2,"name":"Visita guiada a la presa de Artikutza"}]},{"@type":"WebSite","@id":"https:\/\/wapwebedapro01.azurewebsites.net\/#website","url":"https:\/\/wapwebedapro01.azurewebsites.net\/","name":"Escuela del agua","description":"","publisher":{"@id":"https:\/\/wapwebedapro01.azurewebsites.net\/#organization"},"potentialAction":[{"@type":"SearchAction","target":{"@type":"EntryPoint","urlTemplate":"https:\/\/wapwebedapro01.azurewebsites.net\/?s={search_term_string}"},"query-input":{"@type":"PropertyValueSpecification","valueRequired":true,"valueName":"search_term_string"}}],"inLanguage":"en-US"},{"@type":"Organization","@id":"https:\/\/wapwebedapro01.azurewebsites.net\/#organization","name":"Escuela del agua","url":"https:\/\/wapwebedapro01.azurewebsites.net\/","logo":{"@type":"ImageObject","inLanguage":"en-US","@id":"https:\/\/wapwebedapro01.azurewebsites.net\/#\/schema\/logo\/image\/","url":"\/wp-content\/uploads\/2023\/08\/logo_EscueladelAgua_mod.1.1_150px.png","contentUrl":"\/wp-content\/uploads\/2023\/08\/logo_EscueladelAgua_mod.1.1_150px.png","width":150,"height":90,"caption":"Escuela del agua"},"image":{"@id":"https:\/\/wapwebedapro01.azurewebsites.net\/#\/schema\/logo\/image\/"}},{"@type":"Person","@id":"https:\/\/wapwebedapro01.azurewebsites.net\/#\/schema\/person\/527f67ae18a7f9a5e4516ba82e2fff6f","name":"emrodriguez","image":{"@type":"ImageObject","inLanguage":"en-US","@id":"https:\/\/wapwebedapro01.azurewebsites.net\/#\/schema\/person\/image\/","url":"https:\/\/secure.gravatar.com\/avatar\/f5a7da42368190a610c3fc6e2d270294?s=96&d=mm&r=g","contentUrl":"https:\/\/secure.gravatar.com\/avatar\/f5a7da42368190a610c3fc6e2d270294?s=96&d=mm&r=g","caption":"emrodriguez"},"url":"https:\/\/www.laescueladelagua.com\/en\/author\/emrodriguez\/"}]}},"meta_box":[],"_links":{"self":[{"href":"https:\/\/www.laescueladelagua.com\/en\/wp-json\/wp\/v2\/posts\/4457","targetHints":{"allow":["GET"]}}],"collection":[{"href":"https:\/\/www.laescueladelagua.com\/en\/wp-json\/wp\/v2\/posts"}],"about":[{"href":"https:\/\/www.laescueladelagua.com\/en\/wp-json\/wp\/v2\/types\/post"}],"author":[{"embeddable":true,"href":"https:\/\/www.laescueladelagua.com\/en\/wp-json\/wp\/v2\/users\/6"}],"replies":[{"embeddable":true,"href":"https:\/\/www.laescueladelagua.com\/en\/wp-json\/wp\/v2\/comments?post=4457"}],"version-history":[{"count":5,"href":"https:\/\/www.laescueladelagua.com\/en\/wp-json\/wp\/v2\/posts\/4457\/revisions"}],"predecessor-version":[{"id":4463,"href":"https:\/\/www.laescueladelagua.com\/en\/wp-json\/wp\/v2\/posts\/4457\/revisions\/4463"}],"wp:featuredmedia":[{"embeddable":true,"href":"https:\/\/www.laescueladelagua.com\/en\/wp-json\/wp\/v2\/media\/4458"}],"wp:attachment":[{"href":"https:\/\/www.laescueladelagua.com\/en\/wp-json\/wp\/v2\/media?parent=4457"}],"wp:term":[{"taxonomy":"category","embeddable":true,"href":"https:\/\/www.laescueladelagua.com\/en\/wp-json\/wp\/v2\/categories?post=4457"},{"taxonomy":"post_tag","embeddable":true,"href":"https:\/\/www.laescueladelagua.com\/en\/wp-json\/wp\/v2\/tags?post=4457"}],"curies":[{"name":"wp","href":"https:\/\/api.w.org\/{rel}","templated":true}]}}