{"id":691,"date":"2021-03-13T11:27:05","date_gmt":"2021-03-13T11:27:05","guid":{"rendered":"https:\/\/www.laescueladelagua.com\/?p=691"},"modified":"2023-07-06T08:42:47","modified_gmt":"2023-07-06T08:42:47","slug":"nuevas-capacidades-azules-para-la-transformacion-verde","status":"publish","type":"post","link":"https:\/\/www.laescueladelagua.com\/en\/nuevas-capacidades-azules-para-la-transformacion-verde\/","title":{"rendered":"New blue capabilities for green transformation"},"content":{"rendered":"<p>The green transition implies a reindustrialization with new strong sectors that add value and create quality jobs. And the water sector generates confidence and employment in the green economy. In this sense, professional skills must be oriented towards reducing the consumption of resources, waste and pollution, combating climate change and its effects by protecting ecosystems and biodiversity, and creating products and services that drive the circular economy. The training of current and future professional talent must be aligned to materialize strategic plans in this regard at the local and regional level.<\/p>\n<p>Focused on these new challenges and the development of these new capabilities, in the field of executive training, a management development program aimed at the green transition will begin this October, co-developed jointly by the Water School and the Pompeu Fabra University - Barcelona School of Management.<\/p>\n<p>Its main objective will be to develop managers capable of leading teams and organizations in the face of current challenges and trends with a global vision, who know how to connect businesses and companies from a systematic vision, based on sustainability with a humanistic foundation and environmental conservation. The current business context implies new challenges and opportunities; new horizons of success, which are no longer measured only in economic terms, but in indicators such as sustainability, talent management, the ability to collaborate, care for the environment, social responsibility of organizations or reputation.<\/p>\n<p>For more information, please contact <a href=\"mailto:admisiones@laescueladelagua.com\">admisiones@laescueladelagua.com<\/a>.<\/p>","protected":false},"excerpt":{"rendered":"<p>The green transition implies a reindustrialization with new strong sectors that add value and create quality jobs. And the water sector generates confidence and employment in the green economy. In this sense, professional skills must be oriented towards reducing the consumption of resources, waste and pollution, combating climate change and [...]<\/p>","protected":false},"author":1,"featured_media":1174,"comment_status":"open","ping_status":"open","sticky":false,"template":"","format":"standard","meta":{"footnotes":""},"categories":[50],"tags":[],"class_list":["post-691","post","type-post","status-publish","format-standard","has-post-thumbnail","hentry","category-actualidad"],"yoast_head":"<!-- This site is optimized with the Yoast SEO plugin v24.5 - https:\/\/yoast.com\/wordpress\/plugins\/seo\/ -->\r\n<title>Nuevas capacidades azules para la transformaci\u00f3n verde - Escuela del agua<\/title>\r\n<meta name=\"robots\" content=\"index, follow, max-snippet:-1, max-image-preview:large, max-video-preview:-1\" \/>\r\n<link rel=\"canonical\" href=\"https:\/\/www.laescueladelagua.com\/en\/nuevas-capacidades-azules-para-la-transformacion-verde\/\" \/>\r\n<meta property=\"og:locale\" content=\"en_US\" \/>\r\n<meta property=\"og:type\" content=\"article\" \/>\r\n<meta property=\"og:title\" content=\"Nuevas capacidades azules para la transformaci\u00f3n verde - Escuela del agua\" \/>\r\n<meta property=\"og:description\" content=\"La transici\u00f3n verde implica una reindustrializaci\u00f3n con nuevos sectores fuertes que aporten valor a\u00f1adido y creen ocupaci\u00f3n de calidad. Y el sector del agua genera confianza y empleo en la econom\u00eda verde. En este sentido, las competencias profesionales deben orientarse a la reducci\u00f3n del consumo de recursos, residuos y contaminaci\u00f3n, combatir el cambio clim\u00e1tico y [&hellip;]\" \/>\r\n<meta property=\"og:url\" content=\"https:\/\/www.laescueladelagua.com\/en\/nuevas-capacidades-azules-para-la-transformacion-verde\/\" \/>\r\n<meta property=\"og:site_name\" content=\"Escuela del agua\" \/>\r\n<meta property=\"article:published_time\" content=\"2021-03-13T11:27:05+00:00\" \/>\r\n<meta property=\"article:modified_time\" content=\"2023-07-06T08:42:47+00:00\" \/>\r\n<meta property=\"og:image\" content=\"https:\/\/www.laescueladelagua.com\/wp-content\/uploads\/2023\/06\/article-e1698069502638.jpeg\" \/>\r\n\t<meta property=\"og:image:width\" content=\"800\" \/>\r\n\t<meta property=\"og:image:height\" content=\"185\" \/>\r\n\t<meta property=\"og:image:type\" content=\"image\/jpeg\" \/>\r\n<meta name=\"author\" content=\"adminusr\" \/>\r\n<meta name=\"twitter:card\" content=\"summary_large_image\" \/>\r\n<meta name=\"twitter:label1\" content=\"Written by\" \/>\n\t<meta name=\"twitter:data1\" content=\"adminusr\" \/>\n\t<meta name=\"twitter:label2\" content=\"Est. reading time\" \/>\n\t<meta name=\"twitter:data2\" content=\"1 minute\" \/>\r\n<script type=\"application\/ld+json\" class=\"yoast-schema-graph\">{\"@context\":\"https:\/\/schema.org\",\"@graph\":[{\"@type\":\"Article\",\"@id\":\"https:\/\/www.laescueladelagua.com\/ca\/nuevas-capacidades-azules-para-la-transformacion-verde\/#article\",\"isPartOf\":{\"@id\":\"https:\/\/www.laescueladelagua.com\/ca\/nuevas-capacidades-azules-para-la-transformacion-verde\/\"},\"author\":{\"name\":\"adminusr\",\"@id\":\"https:\/\/wapwebedapro01.azurewebsites.net\/#\/schema\/person\/dd1649223e405b6f9eb82e8f6798f241\"},\"headline\":\"Nuevas capacidades azules para la transformaci\u00f3n verde\",\"datePublished\":\"2021-03-13T11:27:05+00:00\",\"dateModified\":\"2023-07-06T08:42:47+00:00\",\"mainEntityOfPage\":{\"@id\":\"https:\/\/www.laescueladelagua.com\/ca\/nuevas-capacidades-azules-para-la-transformacion-verde\/\"},\"wordCount\":285,\"commentCount\":0,\"publisher\":{\"@id\":\"https:\/\/wapwebedapro01.azurewebsites.net\/#organization\"},\"image\":{\"@id\":\"https:\/\/www.laescueladelagua.com\/ca\/nuevas-capacidades-azules-para-la-transformacion-verde\/#primaryimage\"},\"thumbnailUrl\":\"\/wp-content\/uploads\/2023\/06\/article-e1698069502638.jpeg\",\"articleSection\":[\"Actualidad\"],\"inLanguage\":\"en-US\",\"potentialAction\":[{\"@type\":\"CommentAction\",\"name\":\"Comment\",\"target\":[\"https:\/\/www.laescueladelagua.com\/ca\/nuevas-capacidades-azules-para-la-transformacion-verde\/#respond\"]}]},{\"@type\":\"WebPage\",\"@id\":\"https:\/\/www.laescueladelagua.com\/ca\/nuevas-capacidades-azules-para-la-transformacion-verde\/\",\"url\":\"https:\/\/www.laescueladelagua.com\/ca\/nuevas-capacidades-azules-para-la-transformacion-verde\/\",\"name\":\"Nuevas capacidades azules para la transformaci\u00f3n verde - Escuela del agua\",\"isPartOf\":{\"@id\":\"https:\/\/wapwebedapro01.azurewebsites.net\/#website\"},\"primaryImageOfPage\":{\"@id\":\"https:\/\/www.laescueladelagua.com\/ca\/nuevas-capacidades-azules-para-la-transformacion-verde\/#primaryimage\"},\"image\":{\"@id\":\"https:\/\/www.laescueladelagua.com\/ca\/nuevas-capacidades-azules-para-la-transformacion-verde\/#primaryimage\"},\"thumbnailUrl\":\"\/wp-content\/uploads\/2023\/06\/article-e1698069502638.jpeg\",\"datePublished\":\"2021-03-13T11:27:05+00:00\",\"dateModified\":\"2023-07-06T08:42:47+00:00\",\"breadcrumb\":{\"@id\":\"https:\/\/www.laescueladelagua.com\/ca\/nuevas-capacidades-azules-para-la-transformacion-verde\/#breadcrumb\"},\"inLanguage\":\"en-US\",\"potentialAction\":[{\"@type\":\"ReadAction\",\"target\":[\"https:\/\/www.laescueladelagua.com\/ca\/nuevas-capacidades-azules-para-la-transformacion-verde\/\"]}]},{\"@type\":\"ImageObject\",\"inLanguage\":\"en-US\",\"@id\":\"https:\/\/www.laescueladelagua.com\/ca\/nuevas-capacidades-azules-para-la-transformacion-verde\/#primaryimage\",\"url\":\"\/wp-content\/uploads\/2023\/06\/article-e1698069502638.jpeg\",\"contentUrl\":\"\/wp-content\/uploads\/2023\/06\/article-e1698069502638.jpeg\",\"width\":800,\"height\":185},{\"@type\":\"BreadcrumbList\",\"@id\":\"https:\/\/www.laescueladelagua.com\/ca\/nuevas-capacidades-azules-para-la-transformacion-verde\/#breadcrumb\",\"itemListElement\":[{\"@type\":\"ListItem\",\"position\":1,\"name\":\"Home\",\"item\":\"https:\/\/wapwebedapro01.azurewebsites.net\/\"},{\"@type\":\"ListItem\",\"position\":2,\"name\":\"Nuevas capacidades azules para la transformaci\u00f3n verde\"}]},{\"@type\":\"WebSite\",\"@id\":\"https:\/\/wapwebedapro01.azurewebsites.net\/#website\",\"url\":\"https:\/\/wapwebedapro01.azurewebsites.net\/\",\"name\":\"Escuela del agua\",\"description\":\"\",\"publisher\":{\"@id\":\"https:\/\/wapwebedapro01.azurewebsites.net\/#organization\"},\"potentialAction\":[{\"@type\":\"SearchAction\",\"target\":{\"@type\":\"EntryPoint\",\"urlTemplate\":\"https:\/\/wapwebedapro01.azurewebsites.net\/?s={search_term_string}\"},\"query-input\":{\"@type\":\"PropertyValueSpecification\",\"valueRequired\":true,\"valueName\":\"search_term_string\"}}],\"inLanguage\":\"en-US\"},{\"@type\":\"Organization\",\"@id\":\"https:\/\/wapwebedapro01.azurewebsites.net\/#organization\",\"name\":\"Escuela del agua\",\"url\":\"https:\/\/wapwebedapro01.azurewebsites.net\/\",\"logo\":{\"@type\":\"ImageObject\",\"inLanguage\":\"en-US\",\"@id\":\"https:\/\/wapwebedapro01.azurewebsites.net\/#\/schema\/logo\/image\/\",\"url\":\"\/wp-content\/uploads\/2023\/08\/logo_EscueladelAgua_mod.1.1_150px.png\",\"contentUrl\":\"\/wp-content\/uploads\/2023\/08\/logo_EscueladelAgua_mod.1.1_150px.png\",\"width\":150,\"height\":90,\"caption\":\"Escuela del agua\"},\"image\":{\"@id\":\"https:\/\/wapwebedapro01.azurewebsites.net\/#\/schema\/logo\/image\/\"}},{\"@type\":\"Person\",\"@id\":\"https:\/\/wapwebedapro01.azurewebsites.net\/#\/schema\/person\/dd1649223e405b6f9eb82e8f6798f241\",\"name\":\"adminusr\",\"image\":{\"@type\":\"ImageObject\",\"inLanguage\":\"en-US\",\"@id\":\"https:\/\/wapwebedapro01.azurewebsites.net\/#\/schema\/person\/image\/\",\"url\":\"https:\/\/secure.gravatar.com\/avatar\/0faaa87907e163fd330069f117adf408?s=96&d=mm&r=g\",\"contentUrl\":\"https:\/\/secure.gravatar.com\/avatar\/0faaa87907e163fd330069f117adf408?s=96&d=mm&r=g\",\"caption\":\"adminusr\"},\"sameAs\":[\"https:\/\/www.laescueladelagua.com\"],\"url\":\"https:\/\/www.laescueladelagua.com\/en\/author\/adminusr\/\"}]}<\/script>\r\n<!-- \/ Yoast SEO plugin. -->","yoast_head_json":{"title":"Nuevas capacidades azules para la transformaci\u00f3n verde - Escuela del agua","robots":{"index":"index","follow":"follow","max-snippet":"max-snippet:-1","max-image-preview":"max-image-preview:large","max-video-preview":"max-video-preview:-1"},"canonical":"https:\/\/www.laescueladelagua.com\/en\/nuevas-capacidades-azules-para-la-transformacion-verde\/","og_locale":"en_US","og_type":"article","og_title":"Nuevas capacidades azules para la transformaci\u00f3n verde - Escuela del agua","og_description":"La transici\u00f3n verde implica una reindustrializaci\u00f3n con nuevos sectores fuertes que aporten valor a\u00f1adido y creen ocupaci\u00f3n de calidad. Y el sector del agua genera confianza y empleo en la econom\u00eda verde. En este sentido, las competencias profesionales deben orientarse a la reducci\u00f3n del consumo de recursos, residuos y contaminaci\u00f3n, combatir el cambio clim\u00e1tico y [&hellip;]","og_url":"https:\/\/www.laescueladelagua.com\/en\/nuevas-capacidades-azules-para-la-transformacion-verde\/","og_site_name":"Escuela del agua","article_published_time":"2021-03-13T11:27:05+00:00","article_modified_time":"2023-07-06T08:42:47+00:00","og_image":[{"width":800,"height":185,"url":"https:\/\/www.laescueladelagua.com\/wp-content\/uploads\/2023\/06\/article-e1698069502638.jpeg","type":"image\/jpeg"}],"author":"adminusr","twitter_card":"summary_large_image","twitter_misc":{"Written by":"adminusr","Est. reading time":"1 minute"},"schema":{"@context":"https:\/\/schema.org","@graph":[{"@type":"Article","@id":"https:\/\/www.laescueladelagua.com\/ca\/nuevas-capacidades-azules-para-la-transformacion-verde\/#article","isPartOf":{"@id":"https:\/\/www.laescueladelagua.com\/ca\/nuevas-capacidades-azules-para-la-transformacion-verde\/"},"author":{"name":"adminusr","@id":"https:\/\/wapwebedapro01.azurewebsites.net\/#\/schema\/person\/dd1649223e405b6f9eb82e8f6798f241"},"headline":"Nuevas capacidades azules para la transformaci\u00f3n verde","datePublished":"2021-03-13T11:27:05+00:00","dateModified":"2023-07-06T08:42:47+00:00","mainEntityOfPage":{"@id":"https:\/\/www.laescueladelagua.com\/ca\/nuevas-capacidades-azules-para-la-transformacion-verde\/"},"wordCount":285,"commentCount":0,"publisher":{"@id":"https:\/\/wapwebedapro01.azurewebsites.net\/#organization"},"image":{"@id":"https:\/\/www.laescueladelagua.com\/ca\/nuevas-capacidades-azules-para-la-transformacion-verde\/#primaryimage"},"thumbnailUrl":"\/wp-content\/uploads\/2023\/06\/article-e1698069502638.jpeg","articleSection":["Actualidad"],"inLanguage":"en-US","potentialAction":[{"@type":"CommentAction","name":"Comment","target":["https:\/\/www.laescueladelagua.com\/ca\/nuevas-capacidades-azules-para-la-transformacion-verde\/#respond"]}]},{"@type":"WebPage","@id":"https:\/\/www.laescueladelagua.com\/ca\/nuevas-capacidades-azules-para-la-transformacion-verde\/","url":"https:\/\/www.laescueladelagua.com\/ca\/nuevas-capacidades-azules-para-la-transformacion-verde\/","name":"Nuevas capacidades azules para la transformaci\u00f3n verde - Escuela del agua","isPartOf":{"@id":"https:\/\/wapwebedapro01.azurewebsites.net\/#website"},"primaryImageOfPage":{"@id":"https:\/\/www.laescueladelagua.com\/ca\/nuevas-capacidades-azules-para-la-transformacion-verde\/#primaryimage"},"image":{"@id":"https:\/\/www.laescueladelagua.com\/ca\/nuevas-capacidades-azules-para-la-transformacion-verde\/#primaryimage"},"thumbnailUrl":"\/wp-content\/uploads\/2023\/06\/article-e1698069502638.jpeg","datePublished":"2021-03-13T11:27:05+00:00","dateModified":"2023-07-06T08:42:47+00:00","breadcrumb":{"@id":"https:\/\/www.laescueladelagua.com\/ca\/nuevas-capacidades-azules-para-la-transformacion-verde\/#breadcrumb"},"inLanguage":"en-US","potentialAction":[{"@type":"ReadAction","target":["https:\/\/www.laescueladelagua.com\/ca\/nuevas-capacidades-azules-para-la-transformacion-verde\/"]}]},{"@type":"ImageObject","inLanguage":"en-US","@id":"https:\/\/www.laescueladelagua.com\/ca\/nuevas-capacidades-azules-para-la-transformacion-verde\/#primaryimage","url":"\/wp-content\/uploads\/2023\/06\/article-e1698069502638.jpeg","contentUrl":"\/wp-content\/uploads\/2023\/06\/article-e1698069502638.jpeg","width":800,"height":185},{"@type":"BreadcrumbList","@id":"https:\/\/www.laescueladelagua.com\/ca\/nuevas-capacidades-azules-para-la-transformacion-verde\/#breadcrumb","itemListElement":[{"@type":"ListItem","position":1,"name":"Home","item":"https:\/\/wapwebedapro01.azurewebsites.net\/"},{"@type":"ListItem","position":2,"name":"Nuevas capacidades azules para la transformaci\u00f3n verde"}]},{"@type":"WebSite","@id":"https:\/\/wapwebedapro01.azurewebsites.net\/#website","url":"https:\/\/wapwebedapro01.azurewebsites.net\/","name":"Escuela del agua","description":"","publisher":{"@id":"https:\/\/wapwebedapro01.azurewebsites.net\/#organization"},"potentialAction":[{"@type":"SearchAction","target":{"@type":"EntryPoint","urlTemplate":"https:\/\/wapwebedapro01.azurewebsites.net\/?s={search_term_string}"},"query-input":{"@type":"PropertyValueSpecification","valueRequired":true,"valueName":"search_term_string"}}],"inLanguage":"en-US"},{"@type":"Organization","@id":"https:\/\/wapwebedapro01.azurewebsites.net\/#organization","name":"Escuela del agua","url":"https:\/\/wapwebedapro01.azurewebsites.net\/","logo":{"@type":"ImageObject","inLanguage":"en-US","@id":"https:\/\/wapwebedapro01.azurewebsites.net\/#\/schema\/logo\/image\/","url":"\/wp-content\/uploads\/2023\/08\/logo_EscueladelAgua_mod.1.1_150px.png","contentUrl":"\/wp-content\/uploads\/2023\/08\/logo_EscueladelAgua_mod.1.1_150px.png","width":150,"height":90,"caption":"Escuela del agua"},"image":{"@id":"https:\/\/wapwebedapro01.azurewebsites.net\/#\/schema\/logo\/image\/"}},{"@type":"Person","@id":"https:\/\/wapwebedapro01.azurewebsites.net\/#\/schema\/person\/dd1649223e405b6f9eb82e8f6798f241","name":"adminusr","image":{"@type":"ImageObject","inLanguage":"en-US","@id":"https:\/\/wapwebedapro01.azurewebsites.net\/#\/schema\/person\/image\/","url":"https:\/\/secure.gravatar.com\/avatar\/0faaa87907e163fd330069f117adf408?s=96&d=mm&r=g","contentUrl":"https:\/\/secure.gravatar.com\/avatar\/0faaa87907e163fd330069f117adf408?s=96&d=mm&r=g","caption":"adminusr"},"sameAs":["https:\/\/www.laescueladelagua.com"],"url":"https:\/\/www.laescueladelagua.com\/en\/author\/adminusr\/"}]}},"meta_box":[],"_links":{"self":[{"href":"https:\/\/www.laescueladelagua.com\/en\/wp-json\/wp\/v2\/posts\/691","targetHints":{"allow":["GET"]}}],"collection":[{"href":"https:\/\/www.laescueladelagua.com\/en\/wp-json\/wp\/v2\/posts"}],"about":[{"href":"https:\/\/www.laescueladelagua.com\/en\/wp-json\/wp\/v2\/types\/post"}],"author":[{"embeddable":true,"href":"https:\/\/www.laescueladelagua.com\/en\/wp-json\/wp\/v2\/users\/1"}],"replies":[{"embeddable":true,"href":"https:\/\/www.laescueladelagua.com\/en\/wp-json\/wp\/v2\/comments?post=691"}],"version-history":[{"count":3,"href":"https:\/\/www.laescueladelagua.com\/en\/wp-json\/wp\/v2\/posts\/691\/revisions"}],"predecessor-version":[{"id":1173,"href":"https:\/\/www.laescueladelagua.com\/en\/wp-json\/wp\/v2\/posts\/691\/revisions\/1173"}],"wp:featuredmedia":[{"embeddable":true,"href":"https:\/\/www.laescueladelagua.com\/en\/wp-json\/wp\/v2\/media\/1174"}],"wp:attachment":[{"href":"https:\/\/www.laescueladelagua.com\/en\/wp-json\/wp\/v2\/media?parent=691"}],"wp:term":[{"taxonomy":"category","embeddable":true,"href":"https:\/\/www.laescueladelagua.com\/en\/wp-json\/wp\/v2\/categories?post=691"},{"taxonomy":"post_tag","embeddable":true,"href":"https:\/\/www.laescueladelagua.com\/en\/wp-json\/wp\/v2\/tags?post=691"}],"curies":[{"name":"wp","href":"https:\/\/api.w.org\/{rel}","templated":true}]}}